{"id":811,"date":"2018-11-29T09:33:06","date_gmt":"2018-11-29T08:33:06","guid":{"rendered":"http:\/\/www.usmt-aikido.fr\/wordpress\/?p=811"},"modified":"2018-11-29T09:53:21","modified_gmt":"2018-11-29T08:53:21","slug":"entrainement-masakatsu-bo-jutsu","status":"publish","type":"post","link":"https:\/\/www.usmt-aikido.fr\/wordpress\/entrainement-masakatsu-bo-jutsu\/","title":{"rendered":"L&rsquo;entra\u00eenement au B\u014d-jutsu"},"content":{"rendered":"<p>Au club, l&rsquo;entra\u00eenement au\u00a0B\u014d-jutsu, le b\u00e2ton long du fondateur de l&rsquo;a\u00efkido, fait int\u00e9gralement partie de l&rsquo;enseignement. Sa pratique est tr\u00e8s compl\u00e9mentaire de celle de l&rsquo;a\u00efkido, puisque l&rsquo;on y retrouve les m\u00eames d\u00e9placements et les m\u00eames principes fondamentaux. <em>\u00ab\u00a0La position des pieds, la fa\u00e7on de se d\u00e9placer, de bouger, les angles des hanches, vont se retrouver dans les techniques, parce que c\u2019est le B\u014d-jutsu cr\u00e9\u00e9 par le fondateur de l\u2019a\u00efkido, qui est tr\u00e8s diff\u00e9rent des techniques d\u2019armes que l\u2019on peut \u00e9tudier dans les \u00e9coles comme Sui O Ryu, le Kashima Shin Ryu, le Katori Shinto Ryu&#8230;<\/em>\u00ab\u00a0, expliquait <a href=\"http:\/\/gerardblaize-aikido.fr\/\">G\u00e9rard Blaize<\/a> <a href=\"https:\/\/www.aikidojournal.fr\/Archives_fr\/Entretiens\/Blaize_Gerard_Paris_1e_partie_2008\/\">dans une interview \u00e0 l&rsquo;<em>A\u00efkido journal<\/em><\/a>.<\/p>\n<p>L&rsquo;entra\u00eenement se concentre sur la pratique de katas con\u00e7us par Morihei Ueshiba, le fondateur de l&rsquo;a\u00efkido, et son \u00e9l\u00e8ve et ami Hikitsuchi-sense\u00ef, aupr\u00e8s de qui G\u00e9rard Blaize, dont notre professeur est l&rsquo;\u00e9l\u00e8ve, a \u00e9tudi\u00e9 au Japon. La plupart de ces katas permettent d&rsquo;\u00e9tudier les mouvements d&rsquo;un pratiquant arm\u00e9 d&rsquo;un b\u00e2ton se d\u00e9fendant face \u00e0 un ou plusieurs adversaires arm\u00e9s d&rsquo;un sabre. Nous pratiquons \u00e9galement des techniques \u00e0 mains nues face \u00e0 un adversaire arm\u00e9 d&rsquo;un b\u00e2ton, et vice-versa.<\/p>\n<p><iframe loading=\"lazy\" title=\"Hikitsuchi Michio Sensei Masakatsu Bojutsu 1 Kata\" width=\"640\" height=\"480\" src=\"https:\/\/www.youtube.com\/embed\/O3gkDM1IVzg?feature=oembed\" frameborder=\"0\" allow=\"accelerometer; autoplay; clipboard-write; encrypted-media; gyroscope; picture-in-picture; web-share\" referrerpolicy=\"strict-origin-when-cross-origin\" allowfullscreen><\/iframe><\/p>\n<p>Le fondateur de l&rsquo;a\u00efkido avait baptis\u00e9 cette forme\u00a0Masakatsu B\u014d-jutsu, parfois traduit par \u00ab\u00a0B\u014d-jutsu de la vraie victoire\u00a0\u00bb ou \u00ab\u00a0de la justice\u00a0\u00bb. Comme en a\u00efkido, le travail ne s&rsquo;effectue pas \u00ab\u00a0en force\u00a0\u00bb, mais le but est au contraire de \u00ab\u00a0trouver\u00a0\u00bb un niveau de d\u00e9tente et de rigueur dans le placement qui permet d&rsquo;ex\u00e9cuter le kata de mani\u00e8re \u00e0 la fois efficace et souple.<\/p>\n<figure id=\"attachment_815\" aria-describedby=\"caption-attachment-815\" style=\"width: 500px\" class=\"wp-caption aligncenter\"><a href=\"http:\/\/www.usmt-aikido.fr\/wordpress\/wp-content\/uploads\/2018\/11\/o-sensei-Bo-jutsu.jpg\"><img loading=\"lazy\" decoding=\"async\" class=\"size-full wp-image-815\" src=\"http:\/\/www.usmt-aikido.fr\/wordpress\/wp-content\/uploads\/2018\/11\/o-sensei-Bo-jutsu.jpg\" alt=\"Morihei Ueshiba montrant une parade de Bo-jutsu\" width=\"500\" height=\"459\" \/><\/a><figcaption id=\"caption-attachment-815\" class=\"wp-caption-text\">Morihei Ueshiba montrant une parade de Bo-jutsu<\/figcaption><\/figure>\n<p>En 1957, Hikitsuchi-sense\u00ef re\u00e7ut des mais du fondateur un rouleau (makimono) d\u00e9taillant les 32 techniques qui composent l&rsquo;ensemble des katas du\u00a0Masakatsu B\u014d-jutsu, sanctionnant sa ma\u00eetrise de cette forme. Il fut le <a href=\"https:\/\/www.aikidojournal.fr\/Archives_fr\/Technique_fr\/MASAKATSU_BO-JUTSU_par_Gerard_Blaize_Neuilly\/\">seul \u00e9l\u00e8ve du fondateur \u00e0 recevoir ce dipl\u00f4me.<\/a><\/p>\n<figure id=\"attachment_820\" aria-describedby=\"caption-attachment-820\" style=\"width: 497px\" class=\"wp-caption aligncenter\"><a href=\"http:\/\/www.usmt-aikido.fr\/wordpress\/wp-content\/uploads\/2018\/11\/makimono.jpg\"><img loading=\"lazy\" decoding=\"async\" class=\"size-full wp-image-820\" src=\"http:\/\/www.usmt-aikido.fr\/wordpress\/wp-content\/uploads\/2018\/11\/makimono.jpg\" alt=\"makimono bo-jutsu\" width=\"497\" height=\"190\" \/><\/a><figcaption id=\"caption-attachment-820\" class=\"wp-caption-text\">Le Makimono du Masakatsu bo-jutsu transmis \u00e0 Hikitsuchi-sense\u00ef par Morihei Ueshiba.<\/figcaption><\/figure>\n","protected":false},"excerpt":{"rendered":"<p>Au club, l&rsquo;entra\u00eenement au\u00a0B\u014d-jutsu, le b\u00e2ton long du fondateur de l&rsquo;a\u00efkido, fait int\u00e9gralement partie de l&rsquo;enseignement. Sa pratique est tr\u00e8s compl\u00e9mentaire de celle de l&rsquo;a\u00efkido, puisque l&rsquo;on y retrouve les m\u00eames d\u00e9placements et les m\u00eames principes fondamentaux. \u00ab\u00a0La position des pieds, la fa\u00e7on de se d\u00e9placer, de bouger, les angles des hanches, vont se retrouver [&hellip;]<\/p>\n","protected":false},"author":1,"featured_media":511,"comment_status":"closed","ping_status":"closed","sticky":false,"template":"","format":"standard","meta":{"footnotes":""},"categories":[10],"tags":[],"yoast_head":"<!-- This site is optimized with the Yoast SEO plugin v21.9.1 - https:\/\/yoast.com\/wordpress\/plugins\/seo\/ -->\n<title>L&#039;entra\u00eenement au B\u014d-jutsu - USMT A\u00efkido Paris<\/title>\n<meta name=\"description\" content=\"Les katas de B\u014d-jutsu, le b\u00e2ton long du fondateur de l&#039;a\u00efkido et de son \u00e9l\u00e8ve hikitsuchi-sense\u00ef, font partie de l&#039;entra\u00eenement au club.\" \/>\n<meta name=\"robots\" content=\"index, follow, max-snippet:-1, max-image-preview:large, max-video-preview:-1\" \/>\n<link rel=\"canonical\" href=\"https:\/\/www.usmt-aikido.fr\/wordpress\/entrainement-masakatsu-bo-jutsu\/\" \/>\n<meta property=\"og:locale\" content=\"fr_FR\" \/>\n<meta property=\"og:type\" content=\"article\" \/>\n<meta property=\"og:title\" content=\"L&#039;entra\u00eenement au B\u014d-jutsu - USMT A\u00efkido Paris\" \/>\n<meta property=\"og:description\" content=\"Les katas de B\u014d-jutsu, le b\u00e2ton long du fondateur de l&#039;a\u00efkido et de son \u00e9l\u00e8ve hikitsuchi-sense\u00ef, font partie de l&#039;entra\u00eenement au club.\" \/>\n<meta property=\"og:url\" content=\"https:\/\/www.usmt-aikido.fr\/wordpress\/entrainement-masakatsu-bo-jutsu\/\" \/>\n<meta property=\"og:site_name\" content=\"USMT A\u00efkido Paris\" \/>\n<meta property=\"article:published_time\" content=\"2018-11-29T08:33:06+00:00\" \/>\n<meta property=\"article:modified_time\" content=\"2018-11-29T08:53:21+00:00\" \/>\n<meta property=\"og:image\" content=\"https:\/\/www.usmt-aikido.fr\/wordpress\/wp-content\/uploads\/2011\/02\/image.jpg\" \/>\n\t<meta property=\"og:image:width\" content=\"691\" \/>\n\t<meta property=\"og:image:height\" content=\"460\" \/>\n\t<meta property=\"og:image:type\" content=\"image\/jpeg\" \/>\n<meta name=\"author\" content=\"dllaiki\" \/>\n<meta name=\"twitter:card\" content=\"summary_large_image\" \/>\n<meta name=\"twitter:label1\" content=\"\u00c9crit par\" \/>\n\t<meta name=\"twitter:data1\" content=\"dllaiki\" \/>\n\t<meta name=\"twitter:label2\" content=\"Dur\u00e9e de lecture estim\u00e9e\" \/>\n\t<meta name=\"twitter:data2\" content=\"2 minutes\" \/>\n<script type=\"application\/ld+json\" class=\"yoast-schema-graph\">{\"@context\":\"https:\/\/schema.org\",\"@graph\":[{\"@type\":\"WebPage\",\"@id\":\"https:\/\/www.usmt-aikido.fr\/wordpress\/entrainement-masakatsu-bo-jutsu\/\",\"url\":\"https:\/\/www.usmt-aikido.fr\/wordpress\/entrainement-masakatsu-bo-jutsu\/\",\"name\":\"L'entra\u00eenement au B\u014d-jutsu - USMT A\u00efkido Paris\",\"isPartOf\":{\"@id\":\"http:\/\/www.usmt-aikido.fr\/wordpress\/#website\"},\"datePublished\":\"2018-11-29T08:33:06+00:00\",\"dateModified\":\"2018-11-29T08:53:21+00:00\",\"author\":{\"@id\":\"http:\/\/www.usmt-aikido.fr\/wordpress\/#\/schema\/person\/85b6a5d3ae310209833c32266498803d\"},\"description\":\"Les katas de B\u014d-jutsu, le b\u00e2ton long du fondateur de l'a\u00efkido et de son \u00e9l\u00e8ve hikitsuchi-sense\u00ef, font partie de l'entra\u00eenement au club.\",\"breadcrumb\":{\"@id\":\"https:\/\/www.usmt-aikido.fr\/wordpress\/entrainement-masakatsu-bo-jutsu\/#breadcrumb\"},\"inLanguage\":\"fr-FR\",\"potentialAction\":[{\"@type\":\"ReadAction\",\"target\":[\"https:\/\/www.usmt-aikido.fr\/wordpress\/entrainement-masakatsu-bo-jutsu\/\"]}]},{\"@type\":\"BreadcrumbList\",\"@id\":\"https:\/\/www.usmt-aikido.fr\/wordpress\/entrainement-masakatsu-bo-jutsu\/#breadcrumb\",\"itemListElement\":[{\"@type\":\"ListItem\",\"position\":1,\"name\":\"Accueil\",\"item\":\"http:\/\/www.usmt-aikido.fr\/wordpress\/\"},{\"@type\":\"ListItem\",\"position\":2,\"name\":\"L&rsquo;entra\u00eenement au B\u014d-jutsu\"}]},{\"@type\":\"WebSite\",\"@id\":\"http:\/\/www.usmt-aikido.fr\/wordpress\/#website\",\"url\":\"http:\/\/www.usmt-aikido.fr\/wordpress\/\",\"name\":\"USMT A\u00efkido Paris 12\",\"description\":\"\",\"potentialAction\":[{\"@type\":\"SearchAction\",\"target\":{\"@type\":\"EntryPoint\",\"urlTemplate\":\"http:\/\/www.usmt-aikido.fr\/wordpress\/?s={search_term_string}\"},\"query-input\":\"required name=search_term_string\"}],\"inLanguage\":\"fr-FR\"},{\"@type\":\"Person\",\"@id\":\"http:\/\/www.usmt-aikido.fr\/wordpress\/#\/schema\/person\/85b6a5d3ae310209833c32266498803d\",\"name\":\"dllaiki\",\"image\":{\"@type\":\"ImageObject\",\"inLanguage\":\"fr-FR\",\"@id\":\"http:\/\/www.usmt-aikido.fr\/wordpress\/#\/schema\/person\/image\/\",\"url\":\"https:\/\/secure.gravatar.com\/avatar\/966b48925850cf0298ba103df64c4cf5?s=96&d=mm&r=g\",\"contentUrl\":\"https:\/\/secure.gravatar.com\/avatar\/966b48925850cf0298ba103df64c4cf5?s=96&d=mm&r=g\",\"caption\":\"dllaiki\"}}]}<\/script>\n<!-- \/ Yoast SEO plugin. -->","yoast_head_json":{"title":"L'entra\u00eenement au B\u014d-jutsu - USMT A\u00efkido Paris","description":"Les katas de B\u014d-jutsu, le b\u00e2ton long du fondateur de l'a\u00efkido et de son \u00e9l\u00e8ve hikitsuchi-sense\u00ef, font partie de l'entra\u00eenement au club.","robots":{"index":"index","follow":"follow","max-snippet":"max-snippet:-1","max-image-preview":"max-image-preview:large","max-video-preview":"max-video-preview:-1"},"canonical":"https:\/\/www.usmt-aikido.fr\/wordpress\/entrainement-masakatsu-bo-jutsu\/","og_locale":"fr_FR","og_type":"article","og_title":"L'entra\u00eenement au B\u014d-jutsu - USMT A\u00efkido Paris","og_description":"Les katas de B\u014d-jutsu, le b\u00e2ton long du fondateur de l'a\u00efkido et de son \u00e9l\u00e8ve hikitsuchi-sense\u00ef, font partie de l'entra\u00eenement au club.","og_url":"https:\/\/www.usmt-aikido.fr\/wordpress\/entrainement-masakatsu-bo-jutsu\/","og_site_name":"USMT A\u00efkido Paris","article_published_time":"2018-11-29T08:33:06+00:00","article_modified_time":"2018-11-29T08:53:21+00:00","og_image":[{"width":691,"height":460,"url":"https:\/\/www.usmt-aikido.fr\/wordpress\/wp-content\/uploads\/2011\/02\/image.jpg","type":"image\/jpeg"}],"author":"dllaiki","twitter_card":"summary_large_image","twitter_misc":{"\u00c9crit par":"dllaiki","Dur\u00e9e de lecture estim\u00e9e":"2 minutes"},"schema":{"@context":"https:\/\/schema.org","@graph":[{"@type":"WebPage","@id":"https:\/\/www.usmt-aikido.fr\/wordpress\/entrainement-masakatsu-bo-jutsu\/","url":"https:\/\/www.usmt-aikido.fr\/wordpress\/entrainement-masakatsu-bo-jutsu\/","name":"L'entra\u00eenement au B\u014d-jutsu - USMT A\u00efkido Paris","isPartOf":{"@id":"http:\/\/www.usmt-aikido.fr\/wordpress\/#website"},"datePublished":"2018-11-29T08:33:06+00:00","dateModified":"2018-11-29T08:53:21+00:00","author":{"@id":"http:\/\/www.usmt-aikido.fr\/wordpress\/#\/schema\/person\/85b6a5d3ae310209833c32266498803d"},"description":"Les katas de B\u014d-jutsu, le b\u00e2ton long du fondateur de l'a\u00efkido et de son \u00e9l\u00e8ve hikitsuchi-sense\u00ef, font partie de l'entra\u00eenement au club.","breadcrumb":{"@id":"https:\/\/www.usmt-aikido.fr\/wordpress\/entrainement-masakatsu-bo-jutsu\/#breadcrumb"},"inLanguage":"fr-FR","potentialAction":[{"@type":"ReadAction","target":["https:\/\/www.usmt-aikido.fr\/wordpress\/entrainement-masakatsu-bo-jutsu\/"]}]},{"@type":"BreadcrumbList","@id":"https:\/\/www.usmt-aikido.fr\/wordpress\/entrainement-masakatsu-bo-jutsu\/#breadcrumb","itemListElement":[{"@type":"ListItem","position":1,"name":"Accueil","item":"http:\/\/www.usmt-aikido.fr\/wordpress\/"},{"@type":"ListItem","position":2,"name":"L&rsquo;entra\u00eenement au B\u014d-jutsu"}]},{"@type":"WebSite","@id":"http:\/\/www.usmt-aikido.fr\/wordpress\/#website","url":"http:\/\/www.usmt-aikido.fr\/wordpress\/","name":"USMT A\u00efkido Paris 12","description":"","potentialAction":[{"@type":"SearchAction","target":{"@type":"EntryPoint","urlTemplate":"http:\/\/www.usmt-aikido.fr\/wordpress\/?s={search_term_string}"},"query-input":"required name=search_term_string"}],"inLanguage":"fr-FR"},{"@type":"Person","@id":"http:\/\/www.usmt-aikido.fr\/wordpress\/#\/schema\/person\/85b6a5d3ae310209833c32266498803d","name":"dllaiki","image":{"@type":"ImageObject","inLanguage":"fr-FR","@id":"http:\/\/www.usmt-aikido.fr\/wordpress\/#\/schema\/person\/image\/","url":"https:\/\/secure.gravatar.com\/avatar\/966b48925850cf0298ba103df64c4cf5?s=96&d=mm&r=g","contentUrl":"https:\/\/secure.gravatar.com\/avatar\/966b48925850cf0298ba103df64c4cf5?s=96&d=mm&r=g","caption":"dllaiki"}}]}},"_links":{"self":[{"href":"https:\/\/www.usmt-aikido.fr\/wordpress\/wp-json\/wp\/v2\/posts\/811"}],"collection":[{"href":"https:\/\/www.usmt-aikido.fr\/wordpress\/wp-json\/wp\/v2\/posts"}],"about":[{"href":"https:\/\/www.usmt-aikido.fr\/wordpress\/wp-json\/wp\/v2\/types\/post"}],"author":[{"embeddable":true,"href":"https:\/\/www.usmt-aikido.fr\/wordpress\/wp-json\/wp\/v2\/users\/1"}],"replies":[{"embeddable":true,"href":"https:\/\/www.usmt-aikido.fr\/wordpress\/wp-json\/wp\/v2\/comments?post=811"}],"version-history":[{"count":7,"href":"https:\/\/www.usmt-aikido.fr\/wordpress\/wp-json\/wp\/v2\/posts\/811\/revisions"}],"predecessor-version":[{"id":819,"href":"https:\/\/www.usmt-aikido.fr\/wordpress\/wp-json\/wp\/v2\/posts\/811\/revisions\/819"}],"wp:featuredmedia":[{"embeddable":true,"href":"https:\/\/www.usmt-aikido.fr\/wordpress\/wp-json\/wp\/v2\/media\/511"}],"wp:attachment":[{"href":"https:\/\/www.usmt-aikido.fr\/wordpress\/wp-json\/wp\/v2\/media?parent=811"}],"wp:term":[{"taxonomy":"category","embeddable":true,"href":"https:\/\/www.usmt-aikido.fr\/wordpress\/wp-json\/wp\/v2\/categories?post=811"},{"taxonomy":"post_tag","embeddable":true,"href":"https:\/\/www.usmt-aikido.fr\/wordpress\/wp-json\/wp\/v2\/tags?post=811"}],"curies":[{"name":"wp","href":"https:\/\/api.w.org\/{rel}","templated":true}]}}