{"id":53,"date":"2011-01-22T13:41:21","date_gmt":"2011-01-22T13:41:21","guid":{"rendered":"http:\/\/dllaikido.wordpress.com\/?p=53"},"modified":"2024-09-04T09:28:50","modified_gmt":"2024-09-04T08:28:50","slug":"cours-aikido-paris-12","status":"publish","type":"post","link":"https:\/\/www.usmt-aikido.fr\/wordpress\/cours-aikido-paris-12\/","title":{"rendered":"Les cours"},"content":{"rendered":"<h4><span style=\"color: #ff0000;\">Important : rentr\u00e9e 2024 report\u00e9e<\/span><\/h4>\n<p>Dans l&rsquo;attente d&rsquo;une nouvelle salle, nous ne pourrons malheureusement pas reprendre les cours en septembre. Nous vous tiendrons inform\u00e9s d\u00e8s que nous aurons plus d&rsquo;infos !<\/p>\n<hr \/>\n<p>Cette saison, le club quitte le dojo du boulevard de Reuilly apr\u00e8s pr\u00e8s de vingt ans de bons et loyaux services ! Les cours d&rsquo;a\u00efkido ont d\u00e9sormais lieu <a href=\"https:\/\/usmt-bizot.org\/\">au complexe Bizot<\/a>, 37, avenue du docteur Arnold Netter, Paris 12, juste en face de l&rsquo;h\u00f4pital Trousseau.<\/p>\n<p>Les cours ont lieu :<br \/>\n&#8211; <strong>le mardi de <\/strong><strong>19 h \u00e0 20 h 30<\/strong> (A\u00efkido)<br \/>\n&#8211; <strong>le jeudi de 19 h \u00e0 20 h<\/strong> <strong>30<\/strong> (A\u00efkido).<\/p>\n<p>Les stations de m\u00e9tro les plus proches sont Picpus et Bel Air, sur la ligne 6, et Porte de Vincennes, sur la ligne 1. Le bus 64 passe \u00e9galement \u00e0 proximit\u00e9.<\/p>\n<p><a href=\"http:\/\/www.usmt-aikido.fr\/wordpress\/wp-content\/uploads\/2011\/01\/bizot.jpg\"><img loading=\"lazy\" decoding=\"async\" class=\"aligncenter size-full wp-image-1159\" src=\"http:\/\/www.usmt-aikido.fr\/wordpress\/wp-content\/uploads\/2011\/01\/bizot.jpg\" alt=\"\" width=\"608\" height=\"521\" srcset=\"https:\/\/www.usmt-aikido.fr\/wordpress\/wp-content\/uploads\/2011\/01\/bizot.jpg 608w, https:\/\/www.usmt-aikido.fr\/wordpress\/wp-content\/uploads\/2011\/01\/bizot-240x206.jpg 240w, https:\/\/www.usmt-aikido.fr\/wordpress\/wp-content\/uploads\/2011\/01\/bizot-250x213.jpg 250w, https:\/\/www.usmt-aikido.fr\/wordpress\/wp-content\/uploads\/2011\/01\/bizot-135x116.jpg 135w\" sizes=\"(max-width: 608px) 100vw, 608px\" \/><\/a><\/p>\n<p>Entrez dans la cour au num\u00e9ro 37, l&rsquo;entr\u00e9e est en face \u00e0 droite :<\/p>\n<p><a href=\"http:\/\/www.usmt-aikido.fr\/wordpress\/wp-content\/uploads\/2011\/01\/PXL_20230406_165112570.jpg\"><img loading=\"lazy\" decoding=\"async\" class=\"aligncenter size-large wp-image-1160\" src=\"http:\/\/www.usmt-aikido.fr\/wordpress\/wp-content\/uploads\/2011\/01\/PXL_20230406_165112570-650x490.jpg\" alt=\"\" width=\"640\" height=\"482\" srcset=\"https:\/\/www.usmt-aikido.fr\/wordpress\/wp-content\/uploads\/2011\/01\/PXL_20230406_165112570-650x490.jpg 650w, https:\/\/www.usmt-aikido.fr\/wordpress\/wp-content\/uploads\/2011\/01\/PXL_20230406_165112570-700x527.jpg 700w, https:\/\/www.usmt-aikido.fr\/wordpress\/wp-content\/uploads\/2011\/01\/PXL_20230406_165112570-768x579.jpg 768w, https:\/\/www.usmt-aikido.fr\/wordpress\/wp-content\/uploads\/2011\/01\/PXL_20230406_165112570-154x116.jpg 154w, https:\/\/www.usmt-aikido.fr\/wordpress\/wp-content\/uploads\/2011\/01\/PXL_20230406_165112570.jpg 1200w\" sizes=\"(max-width: 640px) 100vw, 640px\" \/><\/a><\/p>\n<p>Les cours sont dirig\u00e9s par Pascal Boullard, 5e dan de A\u00efkikai de Tokyo, \u00e9l\u00e8ve de <a href=\"http:\/\/gerardblaize-aikido.fr\">G\u00e9rard Blaize<\/a>, 7e dan de l&rsquo;A\u00efkikai de Tokyo ; il est assist\u00e9 par Hugo Krafft, 3e dan de l&rsquo;A\u00efkikai de Tokyo.<\/p>\n<p style=\"text-align: center;\"><img loading=\"lazy\" decoding=\"async\" class=\"aligncenter size-medium wp-image-58\" title=\"aikido entrainement 16A bd de Reuilly 75012 Paris le 201009\" src=\"http:\/\/www.usmt-aikido.fr\/wordpress\/wp-content\/uploads\/2011\/01\/10.jpg?w=300\" alt=\"\" width=\"500\" height=\"333\" srcset=\"https:\/\/www.usmt-aikido.fr\/wordpress\/wp-content\/uploads\/2011\/01\/10.jpg 691w, https:\/\/www.usmt-aikido.fr\/wordpress\/wp-content\/uploads\/2011\/01\/10-300x199.jpg 300w\" sizes=\"(max-width: 500px) 100vw, 500px\" \/><\/p>\n<p><strong>Tarifs pour la saison 2023-2024 :<\/strong><\/p>\n<p><span style=\"color: #ff0000;\">Important :<\/span> Le syst\u00e8me d&rsquo;inscription et les tarifs \u00e9voluent avec la nouvelle salle. L&rsquo;inscription se fait d\u00e9sormais <a href=\"https:\/\/usmt-bizot.org\/produit\/adhesion-aikido\/\">directement sur le site de Bizot<\/a>. Des tarifs inf\u00e9rieurs sont propos\u00e9s pour les inscriptions en milieu d&rsquo;ann\u00e9e. L&rsquo;inscription plein tarif pour l&rsquo;ann\u00e9e est \u00e0 350 euros, licence inclue. Il existe aussi des formules \u00ab\u00a0full access\u00a0\u00bb donnant acc\u00e8s \u00e0 toutes les disciplines et des tarifs famille pour les inscriptions de plusieurs personnes d&rsquo;un m\u00eame foyer.<\/p>\n","protected":false},"excerpt":{"rendered":"<p>Important : rentr\u00e9e 2024 report\u00e9e Dans l&rsquo;attente d&rsquo;une nouvelle salle, nous ne pourrons malheureusement pas reprendre les cours en septembre. Nous vous tiendrons inform\u00e9s d\u00e8s que nous aurons plus d&rsquo;infos ! Cette saison, le club quitte le dojo du boulevard de Reuilly apr\u00e8s pr\u00e8s de vingt ans de bons et loyaux services ! Les cours [&hellip;]<\/p>\n","protected":false},"author":2,"featured_media":0,"comment_status":"closed","ping_status":"open","sticky":false,"template":"","format":"standard","meta":{"footnotes":""},"categories":[10],"tags":[],"yoast_head":"<!-- This site is optimized with the Yoast SEO plugin v21.9.1 - https:\/\/yoast.com\/wordpress\/plugins\/seo\/ -->\n<title>Les cours - USMT A\u00efkido Paris<\/title>\n<meta name=\"description\" content=\"Cours d&#039;a\u00efkido \u00e0 Paris 12 (m\u00e9tro Daumesnil ou Dugommier), les mardi et jeudi soirs, dans le dojo du boulevard de Reuilly.\" \/>\n<meta name=\"robots\" content=\"index, follow, max-snippet:-1, max-image-preview:large, max-video-preview:-1\" \/>\n<link rel=\"canonical\" href=\"http:\/\/www.usmt-aikido.fr\/wordpress\/cours-aikido-paris-12\/\" \/>\n<meta property=\"og:locale\" content=\"fr_FR\" \/>\n<meta property=\"og:type\" content=\"article\" \/>\n<meta property=\"og:title\" content=\"Les cours - USMT A\u00efkido Paris\" \/>\n<meta property=\"og:description\" content=\"Cours d&#039;a\u00efkido \u00e0 Paris 12 (m\u00e9tro Daumesnil ou Dugommier), les mardi et jeudi soirs, dans le dojo du boulevard de Reuilly.\" \/>\n<meta property=\"og:url\" content=\"http:\/\/www.usmt-aikido.fr\/wordpress\/cours-aikido-paris-12\/\" \/>\n<meta property=\"og:site_name\" content=\"USMT A\u00efkido Paris\" \/>\n<meta property=\"article:published_time\" content=\"2011-01-22T13:41:21+00:00\" \/>\n<meta property=\"article:modified_time\" content=\"2024-09-04T08:28:50+00:00\" \/>\n<meta property=\"og:image\" content=\"http:\/\/www.usmt-aikido.fr\/wordpress\/wp-content\/uploads\/2011\/01\/bizot.jpg\" \/>\n<meta name=\"author\" content=\"USMTaikido\" \/>\n<meta name=\"twitter:card\" content=\"summary_large_image\" \/>\n<meta name=\"twitter:label1\" content=\"\u00c9crit par\" \/>\n\t<meta name=\"twitter:data1\" content=\"USMTaikido\" \/>\n\t<meta name=\"twitter:label2\" content=\"Dur\u00e9e de lecture estim\u00e9e\" \/>\n\t<meta name=\"twitter:data2\" content=\"2 minutes\" \/>\n<script type=\"application\/ld+json\" class=\"yoast-schema-graph\">{\"@context\":\"https:\/\/schema.org\",\"@graph\":[{\"@type\":\"WebPage\",\"@id\":\"http:\/\/www.usmt-aikido.fr\/wordpress\/cours-aikido-paris-12\/\",\"url\":\"http:\/\/www.usmt-aikido.fr\/wordpress\/cours-aikido-paris-12\/\",\"name\":\"Les cours - USMT A\u00efkido Paris\",\"isPartOf\":{\"@id\":\"http:\/\/www.usmt-aikido.fr\/wordpress\/#website\"},\"datePublished\":\"2011-01-22T13:41:21+00:00\",\"dateModified\":\"2024-09-04T08:28:50+00:00\",\"author\":{\"@id\":\"http:\/\/www.usmt-aikido.fr\/wordpress\/#\/schema\/person\/dc6aeba7f466892578f64e7b18910a92\"},\"description\":\"Cours d'a\u00efkido \u00e0 Paris 12 (m\u00e9tro Daumesnil ou Dugommier), les mardi et jeudi soirs, dans le dojo du boulevard de Reuilly.\",\"breadcrumb\":{\"@id\":\"http:\/\/www.usmt-aikido.fr\/wordpress\/cours-aikido-paris-12\/#breadcrumb\"},\"inLanguage\":\"fr-FR\",\"potentialAction\":[{\"@type\":\"ReadAction\",\"target\":[\"http:\/\/www.usmt-aikido.fr\/wordpress\/cours-aikido-paris-12\/\"]}]},{\"@type\":\"BreadcrumbList\",\"@id\":\"http:\/\/www.usmt-aikido.fr\/wordpress\/cours-aikido-paris-12\/#breadcrumb\",\"itemListElement\":[{\"@type\":\"ListItem\",\"position\":1,\"name\":\"Accueil\",\"item\":\"http:\/\/www.usmt-aikido.fr\/wordpress\/\"},{\"@type\":\"ListItem\",\"position\":2,\"name\":\"Les cours\"}]},{\"@type\":\"WebSite\",\"@id\":\"http:\/\/www.usmt-aikido.fr\/wordpress\/#website\",\"url\":\"http:\/\/www.usmt-aikido.fr\/wordpress\/\",\"name\":\"USMT A\u00efkido Paris 12\",\"description\":\"\",\"potentialAction\":[{\"@type\":\"SearchAction\",\"target\":{\"@type\":\"EntryPoint\",\"urlTemplate\":\"http:\/\/www.usmt-aikido.fr\/wordpress\/?s={search_term_string}\"},\"query-input\":\"required name=search_term_string\"}],\"inLanguage\":\"fr-FR\"},{\"@type\":\"Person\",\"@id\":\"http:\/\/www.usmt-aikido.fr\/wordpress\/#\/schema\/person\/dc6aeba7f466892578f64e7b18910a92\",\"name\":\"USMTaikido\",\"image\":{\"@type\":\"ImageObject\",\"inLanguage\":\"fr-FR\",\"@id\":\"http:\/\/www.usmt-aikido.fr\/wordpress\/#\/schema\/person\/image\/\",\"url\":\"https:\/\/secure.gravatar.com\/avatar\/?s=96&d=mm&r=g\",\"contentUrl\":\"https:\/\/secure.gravatar.com\/avatar\/?s=96&d=mm&r=g\",\"caption\":\"USMTaikido\"}}]}<\/script>\n<!-- \/ Yoast SEO plugin. -->","yoast_head_json":{"title":"Les cours - USMT A\u00efkido Paris","description":"Cours d'a\u00efkido \u00e0 Paris 12 (m\u00e9tro Daumesnil ou Dugommier), les mardi et jeudi soirs, dans le dojo du boulevard de Reuilly.","robots":{"index":"index","follow":"follow","max-snippet":"max-snippet:-1","max-image-preview":"max-image-preview:large","max-video-preview":"max-video-preview:-1"},"canonical":"http:\/\/www.usmt-aikido.fr\/wordpress\/cours-aikido-paris-12\/","og_locale":"fr_FR","og_type":"article","og_title":"Les cours - USMT A\u00efkido Paris","og_description":"Cours d'a\u00efkido \u00e0 Paris 12 (m\u00e9tro Daumesnil ou Dugommier), les mardi et jeudi soirs, dans le dojo du boulevard de Reuilly.","og_url":"http:\/\/www.usmt-aikido.fr\/wordpress\/cours-aikido-paris-12\/","og_site_name":"USMT A\u00efkido Paris","article_published_time":"2011-01-22T13:41:21+00:00","article_modified_time":"2024-09-04T08:28:50+00:00","og_image":[{"url":"http:\/\/www.usmt-aikido.fr\/wordpress\/wp-content\/uploads\/2011\/01\/bizot.jpg"}],"author":"USMTaikido","twitter_card":"summary_large_image","twitter_misc":{"\u00c9crit par":"USMTaikido","Dur\u00e9e de lecture estim\u00e9e":"2 minutes"},"schema":{"@context":"https:\/\/schema.org","@graph":[{"@type":"WebPage","@id":"http:\/\/www.usmt-aikido.fr\/wordpress\/cours-aikido-paris-12\/","url":"http:\/\/www.usmt-aikido.fr\/wordpress\/cours-aikido-paris-12\/","name":"Les cours - USMT A\u00efkido Paris","isPartOf":{"@id":"http:\/\/www.usmt-aikido.fr\/wordpress\/#website"},"datePublished":"2011-01-22T13:41:21+00:00","dateModified":"2024-09-04T08:28:50+00:00","author":{"@id":"http:\/\/www.usmt-aikido.fr\/wordpress\/#\/schema\/person\/dc6aeba7f466892578f64e7b18910a92"},"description":"Cours d'a\u00efkido \u00e0 Paris 12 (m\u00e9tro Daumesnil ou Dugommier), les mardi et jeudi soirs, dans le dojo du boulevard de Reuilly.","breadcrumb":{"@id":"http:\/\/www.usmt-aikido.fr\/wordpress\/cours-aikido-paris-12\/#breadcrumb"},"inLanguage":"fr-FR","potentialAction":[{"@type":"ReadAction","target":["http:\/\/www.usmt-aikido.fr\/wordpress\/cours-aikido-paris-12\/"]}]},{"@type":"BreadcrumbList","@id":"http:\/\/www.usmt-aikido.fr\/wordpress\/cours-aikido-paris-12\/#breadcrumb","itemListElement":[{"@type":"ListItem","position":1,"name":"Accueil","item":"http:\/\/www.usmt-aikido.fr\/wordpress\/"},{"@type":"ListItem","position":2,"name":"Les cours"}]},{"@type":"WebSite","@id":"http:\/\/www.usmt-aikido.fr\/wordpress\/#website","url":"http:\/\/www.usmt-aikido.fr\/wordpress\/","name":"USMT A\u00efkido Paris 12","description":"","potentialAction":[{"@type":"SearchAction","target":{"@type":"EntryPoint","urlTemplate":"http:\/\/www.usmt-aikido.fr\/wordpress\/?s={search_term_string}"},"query-input":"required name=search_term_string"}],"inLanguage":"fr-FR"},{"@type":"Person","@id":"http:\/\/www.usmt-aikido.fr\/wordpress\/#\/schema\/person\/dc6aeba7f466892578f64e7b18910a92","name":"USMTaikido","image":{"@type":"ImageObject","inLanguage":"fr-FR","@id":"http:\/\/www.usmt-aikido.fr\/wordpress\/#\/schema\/person\/image\/","url":"https:\/\/secure.gravatar.com\/avatar\/?s=96&d=mm&r=g","contentUrl":"https:\/\/secure.gravatar.com\/avatar\/?s=96&d=mm&r=g","caption":"USMTaikido"}}]}},"_links":{"self":[{"href":"https:\/\/www.usmt-aikido.fr\/wordpress\/wp-json\/wp\/v2\/posts\/53"}],"collection":[{"href":"https:\/\/www.usmt-aikido.fr\/wordpress\/wp-json\/wp\/v2\/posts"}],"about":[{"href":"https:\/\/www.usmt-aikido.fr\/wordpress\/wp-json\/wp\/v2\/types\/post"}],"author":[{"embeddable":true,"href":"https:\/\/www.usmt-aikido.fr\/wordpress\/wp-json\/wp\/v2\/users\/2"}],"replies":[{"embeddable":true,"href":"https:\/\/www.usmt-aikido.fr\/wordpress\/wp-json\/wp\/v2\/comments?post=53"}],"version-history":[{"count":18,"href":"https:\/\/www.usmt-aikido.fr\/wordpress\/wp-json\/wp\/v2\/posts\/53\/revisions"}],"predecessor-version":[{"id":1262,"href":"https:\/\/www.usmt-aikido.fr\/wordpress\/wp-json\/wp\/v2\/posts\/53\/revisions\/1262"}],"wp:attachment":[{"href":"https:\/\/www.usmt-aikido.fr\/wordpress\/wp-json\/wp\/v2\/media?parent=53"}],"wp:term":[{"taxonomy":"category","embeddable":true,"href":"https:\/\/www.usmt-aikido.fr\/wordpress\/wp-json\/wp\/v2\/categories?post=53"},{"taxonomy":"post_tag","embeddable":true,"href":"https:\/\/www.usmt-aikido.fr\/wordpress\/wp-json\/wp\/v2\/tags?post=53"}],"curies":[{"name":"wp","href":"https:\/\/api.w.org\/{rel}","templated":true}]}}