{"id":37,"date":"2011-01-20T13:29:00","date_gmt":"2011-01-20T13:29:00","guid":{"rendered":"http:\/\/dllaikido.wordpress.com\/?p=37"},"modified":"2019-08-02T09:41:28","modified_gmt":"2019-08-02T08:41:28","slug":"gerard-blaize","status":"publish","type":"post","link":"https:\/\/www.usmt-aikido.fr\/wordpress\/gerard-blaize\/","title":{"rendered":"G\u00e9rard Blaize"},"content":{"rendered":"<p>Les enseignants du club sont \u00e9l\u00e8ves de G\u00e9rard Blaize.<\/p>\n<p><a href=\"http:\/\/gerardblaize-aikido.fr\">G\u00e9rard Blaize<\/a> est :<\/p>\n<ul>\n<li>7\u00e8me Dan A\u00efkika\u00ef de Tokyo<\/li>\n<li>5\u00e8me Dan Masakatsu Bo-Jutsu (le b\u00e2ton long du fondateur)<\/li>\n<li>7\u00e8me Dan de Jodo Shindo Muso (\u00e9cole de Budo traditionnel &#8211; b\u00e2ton court)<\/li>\n<\/ul>\n<p>N\u00e9 le 17 ao\u00fbt 1946 \u00e0 Toulouse, G\u00e9rard BLAIZE d\u00e9bute le judo et l&rsquo;A\u00efkido sous la direction de Pierre Brousse. Il s\u00e9journe 5 ans et demi au Japon, il y \u00e9tudiera l&rsquo;A\u00efkido au Hombu Dojo de Tokyo sous la direction notamment du 2nd Doshu Kisshomaru UESHIBA et YAMAGUSHI sense\u00ef.<\/p>\n<p>En 1975 il rencontre Michio HIKITSUCHI sensei aupr\u00e8s de qui il s&rsquo;attachera fid\u00e8lement. Depuis lors il n&rsquo;a pas cess\u00e9 de s&rsquo;entra\u00eener sous ses seuls conseils. Le 26 avril 1995 il re\u00e7oit le grade de 7\u00e8me Dan de l&rsquo;A\u00efkika\u00ef de Tokyo. Ma\u00eetre Kisshomaru UESHIBA, le second Doshu, en lui d\u00e9cernant ce haut grade, sur la demande de Ma\u00eetre Michio HIKITSUCHI, le fait acc\u00e9der au premier rang des pratiquants non-japonais de l&rsquo;A\u00efkika\u00ef de Tokyo. En effet, il est alors le premier pratiquant \u00ab\u00a0\u00e9tranger\u00a0\u00bb a obtenir ce grade tr\u00e8s \u00e9lev\u00e9. Il enseigne aujourd&rsquo;hui tous les jours au Club Lafayette <a href=\"http:\/\/gerardblaize-aikido.fr\/cours-aikido-paris-10\/\">\u00e0 Paris 10<\/a>.<\/p>\n<blockquote><p><em>\u00ab\u00a0C&rsquo;est gr\u00e2ce \u00e0 l&rsquo;exactitude des actes, \u00e0 la rigueur de chacun dans l&rsquo;exercice que les probl\u00e8mes \u00e9clatent.La recherche de leur solution dans le strict respect des enseignements de ma\u00eetre Morihe\u00ef Ueshiba, au niveau pratique, nous oblige \u00e0 nous pencher sur les enseignements qu&rsquo;il nous a fournit au niveau spirituel.A ce niveau, selon le Fondateur, se manifeste seule une \u00e9nergie d&rsquo;Amour.\u00a0\u00bb<\/em><\/p>\n<p style=\"text-align: right;\">G\u00e9rard BLAIZE ; <em>A\u00efkido &#8211; Des paroles et des \u00e9crits du Fondateur \u00e0 la Pratique<\/em>, p.87<\/p>\n<\/blockquote>\n","protected":false},"excerpt":{"rendered":"<p>Les enseignants du club sont \u00e9l\u00e8ves de G\u00e9rard Blaize. G\u00e9rard Blaize est : 7\u00e8me Dan A\u00efkika\u00ef de Tokyo 5\u00e8me Dan Masakatsu Bo-Jutsu (le b\u00e2ton long du fondateur) 7\u00e8me Dan de Jodo Shindo Muso (\u00e9cole de Budo traditionnel &#8211; b\u00e2ton court) N\u00e9 le 17 ao\u00fbt 1946 \u00e0 Toulouse, G\u00e9rard BLAIZE d\u00e9bute le judo et l&rsquo;A\u00efkido sous [&hellip;]<\/p>\n","protected":false},"author":2,"featured_media":542,"comment_status":"closed","ping_status":"open","sticky":false,"template":"","format":"standard","meta":{"footnotes":""},"categories":[3],"tags":[],"yoast_head":"<!-- This site is optimized with the Yoast SEO plugin v21.9.1 - https:\/\/yoast.com\/wordpress\/plugins\/seo\/ -->\n<title>G\u00e9rard Blaize - USMT A\u00efkido Paris<\/title>\n<meta name=\"robots\" content=\"index, follow, max-snippet:-1, max-image-preview:large, max-video-preview:-1\" \/>\n<link rel=\"canonical\" href=\"https:\/\/www.usmt-aikido.fr\/wordpress\/gerard-blaize\/\" \/>\n<meta property=\"og:locale\" content=\"fr_FR\" \/>\n<meta property=\"og:type\" content=\"article\" \/>\n<meta property=\"og:title\" content=\"G\u00e9rard Blaize - USMT A\u00efkido Paris\" \/>\n<meta property=\"og:description\" content=\"Les enseignants du club sont \u00e9l\u00e8ves de G\u00e9rard Blaize. G\u00e9rard Blaize est : 7\u00e8me Dan A\u00efkika\u00ef de Tokyo 5\u00e8me Dan Masakatsu Bo-Jutsu (le b\u00e2ton long du fondateur) 7\u00e8me Dan de Jodo Shindo Muso (\u00e9cole de Budo traditionnel &#8211; b\u00e2ton court) N\u00e9 le 17 ao\u00fbt 1946 \u00e0 Toulouse, G\u00e9rard BLAIZE d\u00e9bute le judo et l&rsquo;A\u00efkido sous [&hellip;]\" \/>\n<meta property=\"og:url\" content=\"https:\/\/www.usmt-aikido.fr\/wordpress\/gerard-blaize\/\" \/>\n<meta property=\"og:site_name\" content=\"USMT A\u00efkido Paris\" \/>\n<meta property=\"article:published_time\" content=\"2011-01-20T13:29:00+00:00\" \/>\n<meta property=\"article:modified_time\" content=\"2019-08-02T08:41:28+00:00\" \/>\n<meta property=\"og:image\" content=\"https:\/\/www.usmt-aikido.fr\/wordpress\/wp-content\/uploads\/2011\/01\/senlis.jpg\" \/>\n\t<meta property=\"og:image:width\" content=\"700\" \/>\n\t<meta property=\"og:image:height\" content=\"467\" \/>\n\t<meta property=\"og:image:type\" content=\"image\/jpeg\" \/>\n<meta name=\"author\" content=\"USMTaikido\" \/>\n<meta name=\"twitter:card\" content=\"summary_large_image\" \/>\n<meta name=\"twitter:label1\" content=\"\u00c9crit par\" \/>\n\t<meta name=\"twitter:data1\" content=\"USMTaikido\" \/>\n\t<meta name=\"twitter:label2\" content=\"Dur\u00e9e de lecture estim\u00e9e\" \/>\n\t<meta name=\"twitter:data2\" content=\"1 minute\" \/>\n<script type=\"application\/ld+json\" class=\"yoast-schema-graph\">{\"@context\":\"https:\/\/schema.org\",\"@graph\":[{\"@type\":\"WebPage\",\"@id\":\"https:\/\/www.usmt-aikido.fr\/wordpress\/gerard-blaize\/\",\"url\":\"https:\/\/www.usmt-aikido.fr\/wordpress\/gerard-blaize\/\",\"name\":\"G\u00e9rard Blaize - USMT A\u00efkido Paris\",\"isPartOf\":{\"@id\":\"http:\/\/www.usmt-aikido.fr\/wordpress\/#website\"},\"datePublished\":\"2011-01-20T13:29:00+00:00\",\"dateModified\":\"2019-08-02T08:41:28+00:00\",\"author\":{\"@id\":\"http:\/\/www.usmt-aikido.fr\/wordpress\/#\/schema\/person\/dc6aeba7f466892578f64e7b18910a92\"},\"breadcrumb\":{\"@id\":\"https:\/\/www.usmt-aikido.fr\/wordpress\/gerard-blaize\/#breadcrumb\"},\"inLanguage\":\"fr-FR\",\"potentialAction\":[{\"@type\":\"ReadAction\",\"target\":[\"https:\/\/www.usmt-aikido.fr\/wordpress\/gerard-blaize\/\"]}]},{\"@type\":\"BreadcrumbList\",\"@id\":\"https:\/\/www.usmt-aikido.fr\/wordpress\/gerard-blaize\/#breadcrumb\",\"itemListElement\":[{\"@type\":\"ListItem\",\"position\":1,\"name\":\"Accueil\",\"item\":\"http:\/\/www.usmt-aikido.fr\/wordpress\/\"},{\"@type\":\"ListItem\",\"position\":2,\"name\":\"G\u00e9rard Blaize\"}]},{\"@type\":\"WebSite\",\"@id\":\"http:\/\/www.usmt-aikido.fr\/wordpress\/#website\",\"url\":\"http:\/\/www.usmt-aikido.fr\/wordpress\/\",\"name\":\"USMT A\u00efkido Paris 12\",\"description\":\"\",\"potentialAction\":[{\"@type\":\"SearchAction\",\"target\":{\"@type\":\"EntryPoint\",\"urlTemplate\":\"http:\/\/www.usmt-aikido.fr\/wordpress\/?s={search_term_string}\"},\"query-input\":\"required name=search_term_string\"}],\"inLanguage\":\"fr-FR\"},{\"@type\":\"Person\",\"@id\":\"http:\/\/www.usmt-aikido.fr\/wordpress\/#\/schema\/person\/dc6aeba7f466892578f64e7b18910a92\",\"name\":\"USMTaikido\",\"image\":{\"@type\":\"ImageObject\",\"inLanguage\":\"fr-FR\",\"@id\":\"http:\/\/www.usmt-aikido.fr\/wordpress\/#\/schema\/person\/image\/\",\"url\":\"https:\/\/secure.gravatar.com\/avatar\/?s=96&d=mm&r=g\",\"contentUrl\":\"https:\/\/secure.gravatar.com\/avatar\/?s=96&d=mm&r=g\",\"caption\":\"USMTaikido\"}}]}<\/script>\n<!-- \/ Yoast SEO plugin. -->","yoast_head_json":{"title":"G\u00e9rard Blaize - USMT A\u00efkido Paris","robots":{"index":"index","follow":"follow","max-snippet":"max-snippet:-1","max-image-preview":"max-image-preview:large","max-video-preview":"max-video-preview:-1"},"canonical":"https:\/\/www.usmt-aikido.fr\/wordpress\/gerard-blaize\/","og_locale":"fr_FR","og_type":"article","og_title":"G\u00e9rard Blaize - USMT A\u00efkido Paris","og_description":"Les enseignants du club sont \u00e9l\u00e8ves de G\u00e9rard Blaize. G\u00e9rard Blaize est : 7\u00e8me Dan A\u00efkika\u00ef de Tokyo 5\u00e8me Dan Masakatsu Bo-Jutsu (le b\u00e2ton long du fondateur) 7\u00e8me Dan de Jodo Shindo Muso (\u00e9cole de Budo traditionnel &#8211; b\u00e2ton court) N\u00e9 le 17 ao\u00fbt 1946 \u00e0 Toulouse, G\u00e9rard BLAIZE d\u00e9bute le judo et l&rsquo;A\u00efkido sous [&hellip;]","og_url":"https:\/\/www.usmt-aikido.fr\/wordpress\/gerard-blaize\/","og_site_name":"USMT A\u00efkido Paris","article_published_time":"2011-01-20T13:29:00+00:00","article_modified_time":"2019-08-02T08:41:28+00:00","og_image":[{"width":700,"height":467,"url":"https:\/\/www.usmt-aikido.fr\/wordpress\/wp-content\/uploads\/2011\/01\/senlis.jpg","type":"image\/jpeg"}],"author":"USMTaikido","twitter_card":"summary_large_image","twitter_misc":{"\u00c9crit par":"USMTaikido","Dur\u00e9e de lecture estim\u00e9e":"1 minute"},"schema":{"@context":"https:\/\/schema.org","@graph":[{"@type":"WebPage","@id":"https:\/\/www.usmt-aikido.fr\/wordpress\/gerard-blaize\/","url":"https:\/\/www.usmt-aikido.fr\/wordpress\/gerard-blaize\/","name":"G\u00e9rard Blaize - USMT A\u00efkido Paris","isPartOf":{"@id":"http:\/\/www.usmt-aikido.fr\/wordpress\/#website"},"datePublished":"2011-01-20T13:29:00+00:00","dateModified":"2019-08-02T08:41:28+00:00","author":{"@id":"http:\/\/www.usmt-aikido.fr\/wordpress\/#\/schema\/person\/dc6aeba7f466892578f64e7b18910a92"},"breadcrumb":{"@id":"https:\/\/www.usmt-aikido.fr\/wordpress\/gerard-blaize\/#breadcrumb"},"inLanguage":"fr-FR","potentialAction":[{"@type":"ReadAction","target":["https:\/\/www.usmt-aikido.fr\/wordpress\/gerard-blaize\/"]}]},{"@type":"BreadcrumbList","@id":"https:\/\/www.usmt-aikido.fr\/wordpress\/gerard-blaize\/#breadcrumb","itemListElement":[{"@type":"ListItem","position":1,"name":"Accueil","item":"http:\/\/www.usmt-aikido.fr\/wordpress\/"},{"@type":"ListItem","position":2,"name":"G\u00e9rard Blaize"}]},{"@type":"WebSite","@id":"http:\/\/www.usmt-aikido.fr\/wordpress\/#website","url":"http:\/\/www.usmt-aikido.fr\/wordpress\/","name":"USMT A\u00efkido Paris 12","description":"","potentialAction":[{"@type":"SearchAction","target":{"@type":"EntryPoint","urlTemplate":"http:\/\/www.usmt-aikido.fr\/wordpress\/?s={search_term_string}"},"query-input":"required name=search_term_string"}],"inLanguage":"fr-FR"},{"@type":"Person","@id":"http:\/\/www.usmt-aikido.fr\/wordpress\/#\/schema\/person\/dc6aeba7f466892578f64e7b18910a92","name":"USMTaikido","image":{"@type":"ImageObject","inLanguage":"fr-FR","@id":"http:\/\/www.usmt-aikido.fr\/wordpress\/#\/schema\/person\/image\/","url":"https:\/\/secure.gravatar.com\/avatar\/?s=96&d=mm&r=g","contentUrl":"https:\/\/secure.gravatar.com\/avatar\/?s=96&d=mm&r=g","caption":"USMTaikido"}}]}},"_links":{"self":[{"href":"https:\/\/www.usmt-aikido.fr\/wordpress\/wp-json\/wp\/v2\/posts\/37"}],"collection":[{"href":"https:\/\/www.usmt-aikido.fr\/wordpress\/wp-json\/wp\/v2\/posts"}],"about":[{"href":"https:\/\/www.usmt-aikido.fr\/wordpress\/wp-json\/wp\/v2\/types\/post"}],"author":[{"embeddable":true,"href":"https:\/\/www.usmt-aikido.fr\/wordpress\/wp-json\/wp\/v2\/users\/2"}],"replies":[{"embeddable":true,"href":"https:\/\/www.usmt-aikido.fr\/wordpress\/wp-json\/wp\/v2\/comments?post=37"}],"version-history":[{"count":4,"href":"https:\/\/www.usmt-aikido.fr\/wordpress\/wp-json\/wp\/v2\/posts\/37\/revisions"}],"predecessor-version":[{"id":889,"href":"https:\/\/www.usmt-aikido.fr\/wordpress\/wp-json\/wp\/v2\/posts\/37\/revisions\/889"}],"wp:featuredmedia":[{"embeddable":true,"href":"https:\/\/www.usmt-aikido.fr\/wordpress\/wp-json\/wp\/v2\/media\/542"}],"wp:attachment":[{"href":"https:\/\/www.usmt-aikido.fr\/wordpress\/wp-json\/wp\/v2\/media?parent=37"}],"wp:term":[{"taxonomy":"category","embeddable":true,"href":"https:\/\/www.usmt-aikido.fr\/wordpress\/wp-json\/wp\/v2\/categories?post=37"},{"taxonomy":"post_tag","embeddable":true,"href":"https:\/\/www.usmt-aikido.fr\/wordpress\/wp-json\/wp\/v2\/tags?post=37"}],"curies":[{"name":"wp","href":"https:\/\/api.w.org\/{rel}","templated":true}]}}