{"id":28,"date":"2011-01-22T13:16:13","date_gmt":"2011-01-22T13:16:13","guid":{"rendered":"http:\/\/dllaikido.wordpress.com\/?p=28"},"modified":"2018-11-17T11:48:58","modified_gmt":"2018-11-17T10:48:58","slug":"biographie-o-sensei-morihei-ueshiba-fondateur-de-laikido","status":"publish","type":"post","link":"https:\/\/www.usmt-aikido.fr\/wordpress\/biographie-o-sensei-morihei-ueshiba-fondateur-de-laikido\/","title":{"rendered":"Biographie d&rsquo;O Sense\u00ef Morihei Ueshiba, fondateur de l&rsquo;a\u00efkido"},"content":{"rendered":"<p><iframe loading=\"lazy\" src=\"\/\/www.youtube.com\/embed\/YQ7LozQDAaY\" width=\"640\" height=\"480\" frameborder=\"0\" allowfullscreen=\"allowfullscreen\"><\/iframe><\/p>\n<p>Beaucoup de biographies ont d\u00e9j\u00e0 \u00e9t\u00e9 \u00e9crites reprenant les dates et les faits de la vie d&rsquo;O Sense\u00ef Morihei Ueshiba, le fondateur de l&rsquo;a\u00efkido. Ici seules les plus grandes dates sont pr\u00e9sentes, et surtout les paroles.<\/p>\n<blockquote><p><em>\u00ab\u00a0J\u2019exer\u00e7ai mon esprit sur le Budo quand j\u2019avais 15 ans et je visitais les professeurs d\u2019escrime et de Jujutsu de plusieurs r\u00e9gions. J\u2019assimilais en quelques mois le secret de chacun des instituts les plus r\u00e9cents. Mais il n\u2019y en avait aucun pour m\u2019apprendre l\u2019essence du Budo qui puisse satisfaire mon esprit\u00a0\u00bb. <\/em><\/p>\n<p style=\"text-align: right;\"><em>A\u00efkido,<\/em> par Kisshomaru Ueshiba<\/p>\n<\/blockquote>\n<p>Deux personnes influ\u00e8rent le Fondateur, SOKAKU TAKEDA pour l\u2019\u00e9tude du Daito Ryu et ONISABURO DEGUCHI et l\u2019Omoto-Kyo. Pourtant il dit : <em>\u00ab l\u2019A\u00efkido n\u2019est pas une synth\u00e8se des \u00e9coles. L\u2019A\u00efkido est enti\u00e8rement fait par le Ki. \u00bb<\/em> Mais gr\u00e2ce \u00e0 un entra\u00eenement de tous les jours, tant dans le Budo que dans le monde spirituel, il d\u00e9couvrit le monde du Budo originel.<\/p>\n<blockquote><p><em>\u00ab Le 14 d\u00e9cembre 1940, vers 2 heures du matin, apr\u00e8s la purification (Misogi), je me suis soudainement retrouv\u00e9 dans un \u00e9tat assez \u00e9trange. A ce moment-l\u00e0 j\u2019ai oubli\u00e9 toutes les techniques que j\u2019avais apprises et j\u2019ai d\u00fb faire de nouveau les techniques des anc\u00eatres ; et ces techniques sont pour montrer que le monde entier est comme une famille et qu\u2019il n\u2019y a pas d\u2019\u00e9trangers. \u00bbCe n\u2019est pas de gagner ou de perdre ; ce n\u2019est pas \u00e7a ; Il faut supprimer cette notion ; l\u2019A\u00efkido, c\u2019est les techniques de Paix(Wago). Dans ces techniques, il n\u2019y a pas la notion de plus fort, de plus faible.<\/em><\/p>\n<p style=\"text-align: right;\">A\u00efkido Shinzui ; p.23<\/p>\n<\/blockquote>\n<h3>L&rsquo;h\u00e9ritage d&rsquo;O Sense\u00ef<\/h3>\n<p>C\u2019est en 1942 que O Sense\u00cf donna \u00e0 son art le nom d\u00e9finitif A\u00efkido.<\/p>\n<p>En 1948, les autorit\u00e9s d\u2019occupation am\u00e9ricaines et le minist\u00e8re japonais de l\u2019\u00e9ducation donn\u00e8rent leur accord \u00e0 la cr\u00e9ation d\u2019une fondation pour la promotion de l\u2019A\u00efkido. En 1949, <a href=\"http:\/\/www.aikikai.or.jp\/eng\/index.htm\">le dojo de l\u2019A\u00efkika\u00ef<\/a> fut officiellement rouvert.<\/p>\n<p>Son fils Kisshomaru devint le responsable de la fondation et O Sense\u00ef continua \u00e0 voyager dans tout le Japon pour faire conna\u00eetre l\u2019A\u00efkido par de nombreuses conf\u00e9rences et d\u00e9monstrations. La premi\u00e8re d\u00e9monstration publique d\u2019A\u00efkido eut lieu en 1956.<\/p>\n<p>L\u2019actuel Doshu est son petit-fils MORITERU UESHIBA.<\/p>\n<p>Le 26 avril 1969 O Sense\u00ef mourut et ses derni\u00e8res paroles furent : <em>\u00ab <a href=\"http:\/\/www.usmt-aikido.fr\/wordpress\/?p=19\">L\u2019A\u00efkido<\/a> appartient au monde entier. \u00bb<\/em><\/p>\n","protected":false},"excerpt":{"rendered":"<p>Beaucoup de biographies ont d\u00e9j\u00e0 \u00e9t\u00e9 \u00e9crites reprenant les dates et les faits de la vie d&rsquo;O Sense\u00ef Morihei Ueshiba, le fondateur de l&rsquo;a\u00efkido. Ici seules les plus grandes dates sont pr\u00e9sentes, et surtout les paroles. \u00ab\u00a0J\u2019exer\u00e7ai mon esprit sur le Budo quand j\u2019avais 15 ans et je visitais les professeurs d\u2019escrime et de Jujutsu [&hellip;]<\/p>\n","protected":false},"author":2,"featured_media":513,"comment_status":"closed","ping_status":"open","sticky":false,"template":"","format":"standard","meta":{"footnotes":""},"categories":[3],"tags":[],"yoast_head":"<!-- This site is optimized with the Yoast SEO plugin v21.9.1 - https:\/\/yoast.com\/wordpress\/plugins\/seo\/ -->\n<title>Biographie d&#039;O Sense\u00ef Morihei Ueshiba, fondateur de l&#039;a\u00efkido - USMT A\u00efkido Paris<\/title>\n<meta name=\"description\" content=\"Les grandes dates de la biographie d&#039;O Sense\u00ef Morihei Ueshiba, fondateur de l&#039;a\u00efkido.\" \/>\n<meta name=\"robots\" content=\"index, follow, max-snippet:-1, max-image-preview:large, max-video-preview:-1\" \/>\n<link rel=\"canonical\" href=\"https:\/\/www.usmt-aikido.fr\/wordpress\/biographie-o-sensei-morihei-ueshiba-fondateur-de-laikido\/\" \/>\n<meta property=\"og:locale\" content=\"fr_FR\" \/>\n<meta property=\"og:type\" content=\"article\" \/>\n<meta property=\"og:title\" content=\"Biographie d&#039;O Sense\u00ef Morihei Ueshiba, fondateur de l&#039;a\u00efkido - USMT A\u00efkido Paris\" \/>\n<meta property=\"og:description\" content=\"Les grandes dates de la biographie d&#039;O Sense\u00ef Morihei Ueshiba, fondateur de l&#039;a\u00efkido.\" \/>\n<meta property=\"og:url\" content=\"https:\/\/www.usmt-aikido.fr\/wordpress\/biographie-o-sensei-morihei-ueshiba-fondateur-de-laikido\/\" \/>\n<meta property=\"og:site_name\" content=\"USMT A\u00efkido Paris\" \/>\n<meta property=\"article:published_time\" content=\"2011-01-22T13:16:13+00:00\" \/>\n<meta property=\"article:modified_time\" content=\"2018-11-17T10:48:58+00:00\" \/>\n<meta property=\"og:image\" content=\"https:\/\/www.usmt-aikido.fr\/wordpress\/wp-content\/uploads\/2011\/01\/ueshiba.jpg\" \/>\n\t<meta property=\"og:image:width\" content=\"220\" \/>\n\t<meta property=\"og:image:height\" content=\"270\" \/>\n\t<meta property=\"og:image:type\" content=\"image\/jpeg\" \/>\n<meta name=\"author\" content=\"USMTaikido\" \/>\n<meta name=\"twitter:card\" content=\"summary_large_image\" \/>\n<meta name=\"twitter:label1\" content=\"\u00c9crit par\" \/>\n\t<meta name=\"twitter:data1\" content=\"USMTaikido\" \/>\n\t<meta name=\"twitter:label2\" content=\"Dur\u00e9e de lecture estim\u00e9e\" \/>\n\t<meta name=\"twitter:data2\" content=\"2 minutes\" \/>\n<script type=\"application\/ld+json\" class=\"yoast-schema-graph\">{\"@context\":\"https:\/\/schema.org\",\"@graph\":[{\"@type\":\"WebPage\",\"@id\":\"https:\/\/www.usmt-aikido.fr\/wordpress\/biographie-o-sensei-morihei-ueshiba-fondateur-de-laikido\/\",\"url\":\"https:\/\/www.usmt-aikido.fr\/wordpress\/biographie-o-sensei-morihei-ueshiba-fondateur-de-laikido\/\",\"name\":\"Biographie d'O Sense\u00ef Morihei Ueshiba, fondateur de l'a\u00efkido - USMT A\u00efkido Paris\",\"isPartOf\":{\"@id\":\"http:\/\/www.usmt-aikido.fr\/wordpress\/#website\"},\"datePublished\":\"2011-01-22T13:16:13+00:00\",\"dateModified\":\"2018-11-17T10:48:58+00:00\",\"author\":{\"@id\":\"http:\/\/www.usmt-aikido.fr\/wordpress\/#\/schema\/person\/dc6aeba7f466892578f64e7b18910a92\"},\"description\":\"Les grandes dates de la biographie d'O Sense\u00ef Morihei Ueshiba, fondateur de l'a\u00efkido.\",\"breadcrumb\":{\"@id\":\"https:\/\/www.usmt-aikido.fr\/wordpress\/biographie-o-sensei-morihei-ueshiba-fondateur-de-laikido\/#breadcrumb\"},\"inLanguage\":\"fr-FR\",\"potentialAction\":[{\"@type\":\"ReadAction\",\"target\":[\"https:\/\/www.usmt-aikido.fr\/wordpress\/biographie-o-sensei-morihei-ueshiba-fondateur-de-laikido\/\"]}]},{\"@type\":\"BreadcrumbList\",\"@id\":\"https:\/\/www.usmt-aikido.fr\/wordpress\/biographie-o-sensei-morihei-ueshiba-fondateur-de-laikido\/#breadcrumb\",\"itemListElement\":[{\"@type\":\"ListItem\",\"position\":1,\"name\":\"Accueil\",\"item\":\"http:\/\/www.usmt-aikido.fr\/wordpress\/\"},{\"@type\":\"ListItem\",\"position\":2,\"name\":\"Biographie d&rsquo;O Sense\u00ef Morihei Ueshiba, fondateur de l&rsquo;a\u00efkido\"}]},{\"@type\":\"WebSite\",\"@id\":\"http:\/\/www.usmt-aikido.fr\/wordpress\/#website\",\"url\":\"http:\/\/www.usmt-aikido.fr\/wordpress\/\",\"name\":\"USMT A\u00efkido Paris 12\",\"description\":\"\",\"potentialAction\":[{\"@type\":\"SearchAction\",\"target\":{\"@type\":\"EntryPoint\",\"urlTemplate\":\"http:\/\/www.usmt-aikido.fr\/wordpress\/?s={search_term_string}\"},\"query-input\":\"required name=search_term_string\"}],\"inLanguage\":\"fr-FR\"},{\"@type\":\"Person\",\"@id\":\"http:\/\/www.usmt-aikido.fr\/wordpress\/#\/schema\/person\/dc6aeba7f466892578f64e7b18910a92\",\"name\":\"USMTaikido\",\"image\":{\"@type\":\"ImageObject\",\"inLanguage\":\"fr-FR\",\"@id\":\"http:\/\/www.usmt-aikido.fr\/wordpress\/#\/schema\/person\/image\/\",\"url\":\"https:\/\/secure.gravatar.com\/avatar\/?s=96&d=mm&r=g\",\"contentUrl\":\"https:\/\/secure.gravatar.com\/avatar\/?s=96&d=mm&r=g\",\"caption\":\"USMTaikido\"}}]}<\/script>\n<!-- \/ Yoast SEO plugin. -->","yoast_head_json":{"title":"Biographie d'O Sense\u00ef Morihei Ueshiba, fondateur de l'a\u00efkido - USMT A\u00efkido Paris","description":"Les grandes dates de la biographie d'O Sense\u00ef Morihei Ueshiba, fondateur de l'a\u00efkido.","robots":{"index":"index","follow":"follow","max-snippet":"max-snippet:-1","max-image-preview":"max-image-preview:large","max-video-preview":"max-video-preview:-1"},"canonical":"https:\/\/www.usmt-aikido.fr\/wordpress\/biographie-o-sensei-morihei-ueshiba-fondateur-de-laikido\/","og_locale":"fr_FR","og_type":"article","og_title":"Biographie d'O Sense\u00ef Morihei Ueshiba, fondateur de l'a\u00efkido - USMT A\u00efkido Paris","og_description":"Les grandes dates de la biographie d'O Sense\u00ef Morihei Ueshiba, fondateur de l'a\u00efkido.","og_url":"https:\/\/www.usmt-aikido.fr\/wordpress\/biographie-o-sensei-morihei-ueshiba-fondateur-de-laikido\/","og_site_name":"USMT A\u00efkido Paris","article_published_time":"2011-01-22T13:16:13+00:00","article_modified_time":"2018-11-17T10:48:58+00:00","og_image":[{"width":220,"height":270,"url":"https:\/\/www.usmt-aikido.fr\/wordpress\/wp-content\/uploads\/2011\/01\/ueshiba.jpg","type":"image\/jpeg"}],"author":"USMTaikido","twitter_card":"summary_large_image","twitter_misc":{"\u00c9crit par":"USMTaikido","Dur\u00e9e de lecture estim\u00e9e":"2 minutes"},"schema":{"@context":"https:\/\/schema.org","@graph":[{"@type":"WebPage","@id":"https:\/\/www.usmt-aikido.fr\/wordpress\/biographie-o-sensei-morihei-ueshiba-fondateur-de-laikido\/","url":"https:\/\/www.usmt-aikido.fr\/wordpress\/biographie-o-sensei-morihei-ueshiba-fondateur-de-laikido\/","name":"Biographie d'O Sense\u00ef Morihei Ueshiba, fondateur de l'a\u00efkido - USMT A\u00efkido Paris","isPartOf":{"@id":"http:\/\/www.usmt-aikido.fr\/wordpress\/#website"},"datePublished":"2011-01-22T13:16:13+00:00","dateModified":"2018-11-17T10:48:58+00:00","author":{"@id":"http:\/\/www.usmt-aikido.fr\/wordpress\/#\/schema\/person\/dc6aeba7f466892578f64e7b18910a92"},"description":"Les grandes dates de la biographie d'O Sense\u00ef Morihei Ueshiba, fondateur de l'a\u00efkido.","breadcrumb":{"@id":"https:\/\/www.usmt-aikido.fr\/wordpress\/biographie-o-sensei-morihei-ueshiba-fondateur-de-laikido\/#breadcrumb"},"inLanguage":"fr-FR","potentialAction":[{"@type":"ReadAction","target":["https:\/\/www.usmt-aikido.fr\/wordpress\/biographie-o-sensei-morihei-ueshiba-fondateur-de-laikido\/"]}]},{"@type":"BreadcrumbList","@id":"https:\/\/www.usmt-aikido.fr\/wordpress\/biographie-o-sensei-morihei-ueshiba-fondateur-de-laikido\/#breadcrumb","itemListElement":[{"@type":"ListItem","position":1,"name":"Accueil","item":"http:\/\/www.usmt-aikido.fr\/wordpress\/"},{"@type":"ListItem","position":2,"name":"Biographie d&rsquo;O Sense\u00ef Morihei Ueshiba, fondateur de l&rsquo;a\u00efkido"}]},{"@type":"WebSite","@id":"http:\/\/www.usmt-aikido.fr\/wordpress\/#website","url":"http:\/\/www.usmt-aikido.fr\/wordpress\/","name":"USMT A\u00efkido Paris 12","description":"","potentialAction":[{"@type":"SearchAction","target":{"@type":"EntryPoint","urlTemplate":"http:\/\/www.usmt-aikido.fr\/wordpress\/?s={search_term_string}"},"query-input":"required name=search_term_string"}],"inLanguage":"fr-FR"},{"@type":"Person","@id":"http:\/\/www.usmt-aikido.fr\/wordpress\/#\/schema\/person\/dc6aeba7f466892578f64e7b18910a92","name":"USMTaikido","image":{"@type":"ImageObject","inLanguage":"fr-FR","@id":"http:\/\/www.usmt-aikido.fr\/wordpress\/#\/schema\/person\/image\/","url":"https:\/\/secure.gravatar.com\/avatar\/?s=96&d=mm&r=g","contentUrl":"https:\/\/secure.gravatar.com\/avatar\/?s=96&d=mm&r=g","caption":"USMTaikido"}}]}},"_links":{"self":[{"href":"https:\/\/www.usmt-aikido.fr\/wordpress\/wp-json\/wp\/v2\/posts\/28"}],"collection":[{"href":"https:\/\/www.usmt-aikido.fr\/wordpress\/wp-json\/wp\/v2\/posts"}],"about":[{"href":"https:\/\/www.usmt-aikido.fr\/wordpress\/wp-json\/wp\/v2\/types\/post"}],"author":[{"embeddable":true,"href":"https:\/\/www.usmt-aikido.fr\/wordpress\/wp-json\/wp\/v2\/users\/2"}],"replies":[{"embeddable":true,"href":"https:\/\/www.usmt-aikido.fr\/wordpress\/wp-json\/wp\/v2\/comments?post=28"}],"version-history":[{"count":3,"href":"https:\/\/www.usmt-aikido.fr\/wordpress\/wp-json\/wp\/v2\/posts\/28\/revisions"}],"predecessor-version":[{"id":797,"href":"https:\/\/www.usmt-aikido.fr\/wordpress\/wp-json\/wp\/v2\/posts\/28\/revisions\/797"}],"wp:featuredmedia":[{"embeddable":true,"href":"https:\/\/www.usmt-aikido.fr\/wordpress\/wp-json\/wp\/v2\/media\/513"}],"wp:attachment":[{"href":"https:\/\/www.usmt-aikido.fr\/wordpress\/wp-json\/wp\/v2\/media?parent=28"}],"wp:term":[{"taxonomy":"category","embeddable":true,"href":"https:\/\/www.usmt-aikido.fr\/wordpress\/wp-json\/wp\/v2\/categories?post=28"},{"taxonomy":"post_tag","embeddable":true,"href":"https:\/\/www.usmt-aikido.fr\/wordpress\/wp-json\/wp\/v2\/tags?post=28"}],"curies":[{"name":"wp","href":"https:\/\/api.w.org\/{rel}","templated":true}]}}