{"id":1223,"date":"2024-06-13T08:39:48","date_gmt":"2024-06-13T07:39:48","guid":{"rendered":"https:\/\/www.usmt-aikido.fr\/wordpress\/?p=1223"},"modified":"2024-06-13T09:16:20","modified_gmt":"2024-06-13T08:16:20","slug":"pascal-au-japon-sur-les-traces-do-sensei-et-de-hikitsuchi-sensei","status":"publish","type":"post","link":"https:\/\/www.usmt-aikido.fr\/wordpress\/pascal-au-japon-sur-les-traces-do-sensei-et-de-hikitsuchi-sensei\/","title":{"rendered":"Pascal au Japon sur les traces d&rsquo;O Sense\u00ef et de Hikitsuchi Sense\u00ef"},"content":{"rendered":"\n<p>Pascal a repr\u00e9sent\u00e9 notre club en accompagnant son professeur G\u00e9rard Blaize, avec une d\u00e9l\u00e9gation de l&rsquo;AIATJ, au dojo de Shingu (A\u00efkido world dojo) et \u00e0 Tokyo au Hombu dojo de l&rsquo;A\u00efkika\u00ef, pour les comm\u00e9morations marquant les vingt ans de l&rsquo;inscription du temple de Hongu au patrimoine mondial de l&rsquo;UNESCO \u00e0 l&rsquo;occasion de l&rsquo;anniversaire de la mort du fondateur de l&rsquo;a\u00efkido.<\/p>\n\n\n\n<h3 class=\"wp-block-heading\">Shingu<\/h3>\n\n\n\n<figure class=\"wp-block-image size-medium\"><img loading=\"lazy\" decoding=\"async\" width=\"525\" height=\"700\" src=\"https:\/\/www.usmt-aikido.fr\/wordpress\/wp-content\/uploads\/2024\/06\/Dojo-de-Shingu-04-2024-3-1200-edited-525x700.jpg\" alt=\"\" class=\"wp-image-1235\" srcset=\"https:\/\/www.usmt-aikido.fr\/wordpress\/wp-content\/uploads\/2024\/06\/Dojo-de-Shingu-04-2024-3-1200-edited-525x700.jpg 525w, https:\/\/www.usmt-aikido.fr\/wordpress\/wp-content\/uploads\/2024\/06\/Dojo-de-Shingu-04-2024-3-1200-edited-650x867.jpg 650w, https:\/\/www.usmt-aikido.fr\/wordpress\/wp-content\/uploads\/2024\/06\/Dojo-de-Shingu-04-2024-3-1200-edited-768x1024.jpg 768w, https:\/\/www.usmt-aikido.fr\/wordpress\/wp-content\/uploads\/2024\/06\/Dojo-de-Shingu-04-2024-3-1200-edited-87x116.jpg 87w, https:\/\/www.usmt-aikido.fr\/wordpress\/wp-content\/uploads\/2024\/06\/Dojo-de-Shingu-04-2024-3-1200-edited.jpg 900w\" sizes=\"(max-width: 525px) 100vw, 525px\" \/><figcaption class=\"wp-element-caption\">Pascal devant le dojo de Shingu.<\/figcaption><\/figure>\n\n\n\n<figure class=\"wp-block-image size-large is-resized\"><img loading=\"lazy\" decoding=\"async\" width=\"650\" height=\"488\" src=\"http:\/\/www.usmt-aikido.fr\/wordpress\/wp-content\/uploads\/2024\/06\/Dojo-de-Shingu-groupe-AIATJ-04-2024-5-1200-650x488.jpg\" alt=\"\" class=\"wp-image-1232\" style=\"width:840px;height:auto\" srcset=\"https:\/\/www.usmt-aikido.fr\/wordpress\/wp-content\/uploads\/2024\/06\/Dojo-de-Shingu-groupe-AIATJ-04-2024-5-1200-650x488.jpg 650w, https:\/\/www.usmt-aikido.fr\/wordpress\/wp-content\/uploads\/2024\/06\/Dojo-de-Shingu-groupe-AIATJ-04-2024-5-1200-700x525.jpg 700w, https:\/\/www.usmt-aikido.fr\/wordpress\/wp-content\/uploads\/2024\/06\/Dojo-de-Shingu-groupe-AIATJ-04-2024-5-1200-768x576.jpg 768w, https:\/\/www.usmt-aikido.fr\/wordpress\/wp-content\/uploads\/2024\/06\/Dojo-de-Shingu-groupe-AIATJ-04-2024-5-1200-155x116.jpg 155w, https:\/\/www.usmt-aikido.fr\/wordpress\/wp-content\/uploads\/2024\/06\/Dojo-de-Shingu-groupe-AIATJ-04-2024-5-1200.jpg 1200w\" sizes=\"(max-width: 650px) 100vw, 650px\" \/><figcaption class=\"wp-element-caption\">Le groupe AIATJ \u00e0 Shingu, avec Tanaka Sense\u00ef.<\/figcaption><\/figure>\n\n\n\n<figure class=\"wp-block-image size-large is-resized\"><img loading=\"lazy\" decoding=\"async\" width=\"650\" height=\"488\" src=\"http:\/\/www.usmt-aikido.fr\/wordpress\/wp-content\/uploads\/2024\/06\/Dojo-de-Shigu-04-2024-2-1200-650x488.jpg\" alt=\"\" class=\"wp-image-1227\" style=\"width:840px;height:auto\" srcset=\"https:\/\/www.usmt-aikido.fr\/wordpress\/wp-content\/uploads\/2024\/06\/Dojo-de-Shigu-04-2024-2-1200-650x488.jpg 650w, https:\/\/www.usmt-aikido.fr\/wordpress\/wp-content\/uploads\/2024\/06\/Dojo-de-Shigu-04-2024-2-1200-700x525.jpg 700w, https:\/\/www.usmt-aikido.fr\/wordpress\/wp-content\/uploads\/2024\/06\/Dojo-de-Shigu-04-2024-2-1200-768x576.jpg 768w, https:\/\/www.usmt-aikido.fr\/wordpress\/wp-content\/uploads\/2024\/06\/Dojo-de-Shigu-04-2024-2-1200-155x116.jpg 155w, https:\/\/www.usmt-aikido.fr\/wordpress\/wp-content\/uploads\/2024\/06\/Dojo-de-Shigu-04-2024-2-1200.jpg 1200w\" sizes=\"(max-width: 650px) 100vw, 650px\" \/><figcaption class=\"wp-element-caption\">Pascal avec Tasaka Sense\u00ef, Jean-Fran\u00e7ois, Manon et Herv\u00e9 dans le dojo de Shingu.<\/figcaption><\/figure>\n\n\n\n<figure class=\"wp-block-embed is-type-video is-provider-youtube wp-block-embed-youtube wp-embed-aspect-16-9 wp-has-aspect-ratio\"><div class=\"wp-block-embed__wrapper\">\n<iframe loading=\"lazy\" title=\"Dojo de Shingu, pr\u00e9paration de la d\u00e9monstration 2024\" width=\"640\" height=\"360\" src=\"https:\/\/www.youtube.com\/embed\/Y3s5BbatAJ4?feature=oembed\" frameborder=\"0\" allow=\"accelerometer; autoplay; clipboard-write; encrypted-media; gyroscope; picture-in-picture; web-share\" referrerpolicy=\"strict-origin-when-cross-origin\" allowfullscreen><\/iframe>\n<\/div><figcaption class=\"wp-element-caption\">La pr\u00e9paration de la d\u00e9monstration.<\/figcaption><\/figure>\n\n\n\n<h3 class=\"wp-block-heading\">Hongu<\/h3>\n\n\n\n<figure class=\"wp-block-embed is-type-video is-provider-youtube wp-block-embed-youtube wp-embed-aspect-16-9 wp-has-aspect-ratio\"><div class=\"wp-block-embed__wrapper\">\n<iframe loading=\"lazy\" title=\"D\u00e9monstration groupe AIATJ au Hongu dojo, avril 2024\" width=\"640\" height=\"360\" src=\"https:\/\/www.youtube.com\/embed\/7RGoPXJ1OcU?feature=oembed\" frameborder=\"0\" allow=\"accelerometer; autoplay; clipboard-write; encrypted-media; gyroscope; picture-in-picture; web-share\" referrerpolicy=\"strict-origin-when-cross-origin\" allowfullscreen><\/iframe>\n<\/div><figcaption class=\"wp-element-caption\">La d\u00e9monstration du groupe AIATJ lors de la comm\u00e9moration.<\/figcaption><\/figure>\n\n\n\n<h3 class=\"wp-block-heading\">Tokyo<\/h3>\n\n\n\n<figure class=\"wp-block-image size-medium\"><img loading=\"lazy\" decoding=\"async\" width=\"463\" height=\"700\" src=\"https:\/\/www.usmt-aikido.fr\/wordpress\/wp-content\/uploads\/2024\/06\/Doshu-Moriteru-Ueshiba-Hombu-dojo-Aikikai-04-2024-6-1200-463x700.jpg\" alt=\"\" class=\"wp-image-1226\" srcset=\"https:\/\/www.usmt-aikido.fr\/wordpress\/wp-content\/uploads\/2024\/06\/Doshu-Moriteru-Ueshiba-Hombu-dojo-Aikikai-04-2024-6-1200-463x700.jpg 463w, https:\/\/www.usmt-aikido.fr\/wordpress\/wp-content\/uploads\/2024\/06\/Doshu-Moriteru-Ueshiba-Hombu-dojo-Aikikai-04-2024-6-1200-650x984.jpg 650w, https:\/\/www.usmt-aikido.fr\/wordpress\/wp-content\/uploads\/2024\/06\/Doshu-Moriteru-Ueshiba-Hombu-dojo-Aikikai-04-2024-6-1200-768x1162.jpg 768w, https:\/\/www.usmt-aikido.fr\/wordpress\/wp-content\/uploads\/2024\/06\/Doshu-Moriteru-Ueshiba-Hombu-dojo-Aikikai-04-2024-6-1200-77x116.jpg 77w, https:\/\/www.usmt-aikido.fr\/wordpress\/wp-content\/uploads\/2024\/06\/Doshu-Moriteru-Ueshiba-Hombu-dojo-Aikikai-04-2024-6-1200.jpg 793w\" sizes=\"(max-width: 463px) 100vw, 463px\" \/><figcaption class=\"wp-element-caption\">Rencontre-surprise avec le doshu Moriteru Ueshiba, \u00e0 l&rsquo;entr\u00e9e du Hombu dojo.<\/figcaption><\/figure>\n\n\n\n<figure class=\"wp-block-image size-large\"><img loading=\"lazy\" decoding=\"async\" width=\"650\" height=\"427\" src=\"http:\/\/www.usmt-aikido.fr\/wordpress\/wp-content\/uploads\/2024\/06\/Hombu-dojo-Aikikai-Tokyo-04-2024-2-1200-650x427.jpg\" alt=\"\" class=\"wp-image-1229\" srcset=\"https:\/\/www.usmt-aikido.fr\/wordpress\/wp-content\/uploads\/2024\/06\/Hombu-dojo-Aikikai-Tokyo-04-2024-2-1200-650x427.jpg 650w, https:\/\/www.usmt-aikido.fr\/wordpress\/wp-content\/uploads\/2024\/06\/Hombu-dojo-Aikikai-Tokyo-04-2024-2-1200-700x460.jpg 700w, https:\/\/www.usmt-aikido.fr\/wordpress\/wp-content\/uploads\/2024\/06\/Hombu-dojo-Aikikai-Tokyo-04-2024-2-1200-768x504.jpg 768w, https:\/\/www.usmt-aikido.fr\/wordpress\/wp-content\/uploads\/2024\/06\/Hombu-dojo-Aikikai-Tokyo-04-2024-2-1200-177x116.jpg 177w, https:\/\/www.usmt-aikido.fr\/wordpress\/wp-content\/uploads\/2024\/06\/Hombu-dojo-Aikikai-Tokyo-04-2024-2-1200.jpg 1200w\" sizes=\"(max-width: 650px) 100vw, 650px\" \/><figcaption class=\"wp-element-caption\">Devant le Hombu dojo \u00e0 Tokyo.<\/figcaption><\/figure>\n\n\n\n<figure class=\"wp-block-image size-large\"><img loading=\"lazy\" decoding=\"async\" width=\"650\" height=\"488\" src=\"http:\/\/www.usmt-aikido.fr\/wordpress\/wp-content\/uploads\/2024\/06\/Dojo-sho-Mitsuteru-Ueshiba-Hombu-dojo-Aikikai-04-2024-3-1200-650x488.jpg\" alt=\"\" class=\"wp-image-1233\" srcset=\"https:\/\/www.usmt-aikido.fr\/wordpress\/wp-content\/uploads\/2024\/06\/Dojo-sho-Mitsuteru-Ueshiba-Hombu-dojo-Aikikai-04-2024-3-1200-650x488.jpg 650w, https:\/\/www.usmt-aikido.fr\/wordpress\/wp-content\/uploads\/2024\/06\/Dojo-sho-Mitsuteru-Ueshiba-Hombu-dojo-Aikikai-04-2024-3-1200-700x525.jpg 700w, https:\/\/www.usmt-aikido.fr\/wordpress\/wp-content\/uploads\/2024\/06\/Dojo-sho-Mitsuteru-Ueshiba-Hombu-dojo-Aikikai-04-2024-3-1200-768x576.jpg 768w, https:\/\/www.usmt-aikido.fr\/wordpress\/wp-content\/uploads\/2024\/06\/Dojo-sho-Mitsuteru-Ueshiba-Hombu-dojo-Aikikai-04-2024-3-1200-155x116.jpg 155w, https:\/\/www.usmt-aikido.fr\/wordpress\/wp-content\/uploads\/2024\/06\/Dojo-sho-Mitsuteru-Ueshiba-Hombu-dojo-Aikikai-04-2024-3-1200.jpg 1200w\" sizes=\"(max-width: 650px) 100vw, 650px\" \/><figcaption class=\"wp-element-caption\">Avec le Dojo-Cho Mitsuteru Ueshiba au Hombu dojo de l&rsquo;A\u00efkika\u00ef, \u00e0 Tokyo.<\/figcaption><\/figure>\n\n\n\n<figure class=\"wp-block-image size-large\"><img loading=\"lazy\" decoding=\"async\" width=\"650\" height=\"440\" src=\"http:\/\/www.usmt-aikido.fr\/wordpress\/wp-content\/uploads\/2024\/06\/Hombu-dojo-Aikikai-Tokyo-04-2024-1200-650x440.jpg\" alt=\"\" class=\"wp-image-1230\" srcset=\"https:\/\/www.usmt-aikido.fr\/wordpress\/wp-content\/uploads\/2024\/06\/Hombu-dojo-Aikikai-Tokyo-04-2024-1200-650x440.jpg 650w, https:\/\/www.usmt-aikido.fr\/wordpress\/wp-content\/uploads\/2024\/06\/Hombu-dojo-Aikikai-Tokyo-04-2024-1200-700x474.jpg 700w, https:\/\/www.usmt-aikido.fr\/wordpress\/wp-content\/uploads\/2024\/06\/Hombu-dojo-Aikikai-Tokyo-04-2024-1200-768x520.jpg 768w, https:\/\/www.usmt-aikido.fr\/wordpress\/wp-content\/uploads\/2024\/06\/Hombu-dojo-Aikikai-Tokyo-04-2024-1200-171x116.jpg 171w, https:\/\/www.usmt-aikido.fr\/wordpress\/wp-content\/uploads\/2024\/06\/Hombu-dojo-Aikikai-Tokyo-04-2024-1200.jpg 1200w\" sizes=\"(max-width: 650px) 100vw, 650px\" \/><figcaption class=\"wp-element-caption\">Devant le kamiza au Hombu dojo.<\/figcaption><\/figure>\n\n\n\n<figure class=\"wp-block-image size-large is-resized\"><img loading=\"lazy\" decoding=\"async\" width=\"650\" height=\"488\" src=\"http:\/\/www.usmt-aikido.fr\/wordpress\/wp-content\/uploads\/2024\/06\/Hombu-dojo-Aikikai-Tokyo-04-2024-5-1200-650x488.jpg\" alt=\"\" class=\"wp-image-1225\" style=\"width:840px;height:auto\" srcset=\"https:\/\/www.usmt-aikido.fr\/wordpress\/wp-content\/uploads\/2024\/06\/Hombu-dojo-Aikikai-Tokyo-04-2024-5-1200-650x488.jpg 650w, https:\/\/www.usmt-aikido.fr\/wordpress\/wp-content\/uploads\/2024\/06\/Hombu-dojo-Aikikai-Tokyo-04-2024-5-1200-700x525.jpg 700w, https:\/\/www.usmt-aikido.fr\/wordpress\/wp-content\/uploads\/2024\/06\/Hombu-dojo-Aikikai-Tokyo-04-2024-5-1200-768x576.jpg 768w, https:\/\/www.usmt-aikido.fr\/wordpress\/wp-content\/uploads\/2024\/06\/Hombu-dojo-Aikikai-Tokyo-04-2024-5-1200-155x116.jpg 155w, https:\/\/www.usmt-aikido.fr\/wordpress\/wp-content\/uploads\/2024\/06\/Hombu-dojo-Aikikai-Tokyo-04-2024-5-1200.jpg 1200w\" sizes=\"(max-width: 650px) 100vw, 650px\" \/><figcaption class=\"wp-element-caption\">Apr\u00e8s l&rsquo;entra\u00eenement au Hombu dojo.<\/figcaption><\/figure>\n\n\n\n<figure class=\"wp-block-image size-large\"><img loading=\"lazy\" decoding=\"async\" width=\"900\" height=\"1200\" src=\"https:\/\/www.usmt-aikido.fr\/wordpress\/wp-content\/uploads\/2024\/06\/Hombu-dojo-AIkikai-Tokyo-04-2024-4-1200-edited.jpg\" alt=\"\" class=\"wp-image-1234\" srcset=\"https:\/\/www.usmt-aikido.fr\/wordpress\/wp-content\/uploads\/2024\/06\/Hombu-dojo-AIkikai-Tokyo-04-2024-4-1200-edited.jpg 900w, https:\/\/www.usmt-aikido.fr\/wordpress\/wp-content\/uploads\/2024\/06\/Hombu-dojo-AIkikai-Tokyo-04-2024-4-1200-edited-525x700.jpg 525w, https:\/\/www.usmt-aikido.fr\/wordpress\/wp-content\/uploads\/2024\/06\/Hombu-dojo-AIkikai-Tokyo-04-2024-4-1200-edited-650x867.jpg 650w, https:\/\/www.usmt-aikido.fr\/wordpress\/wp-content\/uploads\/2024\/06\/Hombu-dojo-AIkikai-Tokyo-04-2024-4-1200-edited-768x1024.jpg 768w, https:\/\/www.usmt-aikido.fr\/wordpress\/wp-content\/uploads\/2024\/06\/Hombu-dojo-AIkikai-Tokyo-04-2024-4-1200-edited-87x116.jpg 87w\" sizes=\"(max-width: 900px) 100vw, 900px\" \/><\/figure>\n\n\n\n<p><\/p>\n","protected":false},"excerpt":{"rendered":"<p>Pascal a repr\u00e9sent\u00e9 notre club en accompagnant son professeur G\u00e9rard Blaize, avec une d\u00e9l\u00e9gation de l&rsquo;AIATJ, au dojo de Shingu (A\u00efkido world dojo) et \u00e0 Tokyo au Hombu dojo de l&rsquo;A\u00efkika\u00ef, pour les comm\u00e9morations marquant les vingt ans de l&rsquo;inscription du temple de Hongu au patrimoine mondial de l&rsquo;UNESCO \u00e0 l&rsquo;occasion de l&rsquo;anniversaire de la [&hellip;]<\/p>\n","protected":false},"author":1,"featured_media":1228,"comment_status":"closed","ping_status":"closed","sticky":false,"template":"","format":"standard","meta":{"footnotes":""},"categories":[5],"tags":[],"yoast_head":"<!-- This site is optimized with the Yoast SEO plugin v21.9.1 - https:\/\/yoast.com\/wordpress\/plugins\/seo\/ -->\n<title>Pascal au Japon sur les traces d&#039;O Sense\u00ef et de Hikitsuchi Sense\u00ef - USMT A\u00efkido Paris<\/title>\n<meta name=\"robots\" content=\"index, follow, max-snippet:-1, max-image-preview:large, max-video-preview:-1\" \/>\n<link rel=\"canonical\" href=\"https:\/\/www.usmt-aikido.fr\/wordpress\/pascal-au-japon-sur-les-traces-do-sensei-et-de-hikitsuchi-sensei\/\" \/>\n<meta property=\"og:locale\" content=\"fr_FR\" \/>\n<meta property=\"og:type\" content=\"article\" \/>\n<meta property=\"og:title\" content=\"Pascal au Japon sur les traces d&#039;O Sense\u00ef et de Hikitsuchi Sense\u00ef - USMT A\u00efkido Paris\" \/>\n<meta property=\"og:description\" content=\"Pascal a repr\u00e9sent\u00e9 notre club en accompagnant son professeur G\u00e9rard Blaize, avec une d\u00e9l\u00e9gation de l&rsquo;AIATJ, au dojo de Shingu (A\u00efkido world dojo) et \u00e0 Tokyo au Hombu dojo de l&rsquo;A\u00efkika\u00ef, pour les comm\u00e9morations marquant les vingt ans de l&rsquo;inscription du temple de Hongu au patrimoine mondial de l&rsquo;UNESCO \u00e0 l&rsquo;occasion de l&rsquo;anniversaire de la [&hellip;]\" \/>\n<meta property=\"og:url\" content=\"https:\/\/www.usmt-aikido.fr\/wordpress\/pascal-au-japon-sur-les-traces-do-sensei-et-de-hikitsuchi-sensei\/\" \/>\n<meta property=\"og:site_name\" content=\"USMT A\u00efkido Paris\" \/>\n<meta property=\"article:published_time\" content=\"2024-06-13T07:39:48+00:00\" \/>\n<meta property=\"article:modified_time\" content=\"2024-06-13T08:16:20+00:00\" \/>\n<meta property=\"og:image\" content=\"https:\/\/www.usmt-aikido.fr\/wordpress\/wp-content\/uploads\/2024\/06\/Dojo-de-Shingu-04-2024-1200.jpg\" \/>\n\t<meta property=\"og:image:width\" content=\"1200\" \/>\n\t<meta property=\"og:image:height\" content=\"800\" \/>\n\t<meta property=\"og:image:type\" content=\"image\/jpeg\" \/>\n<meta name=\"author\" content=\"dllaiki\" \/>\n<meta name=\"twitter:card\" content=\"summary_large_image\" \/>\n<meta name=\"twitter:label1\" content=\"\u00c9crit par\" \/>\n\t<meta name=\"twitter:data1\" content=\"dllaiki\" \/>\n\t<meta name=\"twitter:label2\" content=\"Dur\u00e9e de lecture estim\u00e9e\" \/>\n\t<meta name=\"twitter:data2\" content=\"3 minutes\" \/>\n<script type=\"application\/ld+json\" class=\"yoast-schema-graph\">{\"@context\":\"https:\/\/schema.org\",\"@graph\":[{\"@type\":\"WebPage\",\"@id\":\"https:\/\/www.usmt-aikido.fr\/wordpress\/pascal-au-japon-sur-les-traces-do-sensei-et-de-hikitsuchi-sensei\/\",\"url\":\"https:\/\/www.usmt-aikido.fr\/wordpress\/pascal-au-japon-sur-les-traces-do-sensei-et-de-hikitsuchi-sensei\/\",\"name\":\"Pascal au Japon sur les traces d'O Sense\u00ef et de Hikitsuchi Sense\u00ef - USMT A\u00efkido Paris\",\"isPartOf\":{\"@id\":\"http:\/\/www.usmt-aikido.fr\/wordpress\/#website\"},\"datePublished\":\"2024-06-13T07:39:48+00:00\",\"dateModified\":\"2024-06-13T08:16:20+00:00\",\"author\":{\"@id\":\"http:\/\/www.usmt-aikido.fr\/wordpress\/#\/schema\/person\/85b6a5d3ae310209833c32266498803d\"},\"breadcrumb\":{\"@id\":\"https:\/\/www.usmt-aikido.fr\/wordpress\/pascal-au-japon-sur-les-traces-do-sensei-et-de-hikitsuchi-sensei\/#breadcrumb\"},\"inLanguage\":\"fr-FR\",\"potentialAction\":[{\"@type\":\"ReadAction\",\"target\":[\"https:\/\/www.usmt-aikido.fr\/wordpress\/pascal-au-japon-sur-les-traces-do-sensei-et-de-hikitsuchi-sensei\/\"]}]},{\"@type\":\"BreadcrumbList\",\"@id\":\"https:\/\/www.usmt-aikido.fr\/wordpress\/pascal-au-japon-sur-les-traces-do-sensei-et-de-hikitsuchi-sensei\/#breadcrumb\",\"itemListElement\":[{\"@type\":\"ListItem\",\"position\":1,\"name\":\"Accueil\",\"item\":\"http:\/\/www.usmt-aikido.fr\/wordpress\/\"},{\"@type\":\"ListItem\",\"position\":2,\"name\":\"Pascal au Japon sur les traces d&rsquo;O Sense\u00ef et de Hikitsuchi Sense\u00ef\"}]},{\"@type\":\"WebSite\",\"@id\":\"http:\/\/www.usmt-aikido.fr\/wordpress\/#website\",\"url\":\"http:\/\/www.usmt-aikido.fr\/wordpress\/\",\"name\":\"USMT A\u00efkido Paris 12\",\"description\":\"\",\"potentialAction\":[{\"@type\":\"SearchAction\",\"target\":{\"@type\":\"EntryPoint\",\"urlTemplate\":\"http:\/\/www.usmt-aikido.fr\/wordpress\/?s={search_term_string}\"},\"query-input\":\"required name=search_term_string\"}],\"inLanguage\":\"fr-FR\"},{\"@type\":\"Person\",\"@id\":\"http:\/\/www.usmt-aikido.fr\/wordpress\/#\/schema\/person\/85b6a5d3ae310209833c32266498803d\",\"name\":\"dllaiki\",\"image\":{\"@type\":\"ImageObject\",\"inLanguage\":\"fr-FR\",\"@id\":\"http:\/\/www.usmt-aikido.fr\/wordpress\/#\/schema\/person\/image\/\",\"url\":\"https:\/\/secure.gravatar.com\/avatar\/966b48925850cf0298ba103df64c4cf5?s=96&d=mm&r=g\",\"contentUrl\":\"https:\/\/secure.gravatar.com\/avatar\/966b48925850cf0298ba103df64c4cf5?s=96&d=mm&r=g\",\"caption\":\"dllaiki\"}}]}<\/script>\n<!-- \/ Yoast SEO plugin. -->","yoast_head_json":{"title":"Pascal au Japon sur les traces d'O Sense\u00ef et de Hikitsuchi Sense\u00ef - USMT A\u00efkido Paris","robots":{"index":"index","follow":"follow","max-snippet":"max-snippet:-1","max-image-preview":"max-image-preview:large","max-video-preview":"max-video-preview:-1"},"canonical":"https:\/\/www.usmt-aikido.fr\/wordpress\/pascal-au-japon-sur-les-traces-do-sensei-et-de-hikitsuchi-sensei\/","og_locale":"fr_FR","og_type":"article","og_title":"Pascal au Japon sur les traces d'O Sense\u00ef et de Hikitsuchi Sense\u00ef - USMT A\u00efkido Paris","og_description":"Pascal a repr\u00e9sent\u00e9 notre club en accompagnant son professeur G\u00e9rard Blaize, avec une d\u00e9l\u00e9gation de l&rsquo;AIATJ, au dojo de Shingu (A\u00efkido world dojo) et \u00e0 Tokyo au Hombu dojo de l&rsquo;A\u00efkika\u00ef, pour les comm\u00e9morations marquant les vingt ans de l&rsquo;inscription du temple de Hongu au patrimoine mondial de l&rsquo;UNESCO \u00e0 l&rsquo;occasion de l&rsquo;anniversaire de la [&hellip;]","og_url":"https:\/\/www.usmt-aikido.fr\/wordpress\/pascal-au-japon-sur-les-traces-do-sensei-et-de-hikitsuchi-sensei\/","og_site_name":"USMT A\u00efkido Paris","article_published_time":"2024-06-13T07:39:48+00:00","article_modified_time":"2024-06-13T08:16:20+00:00","og_image":[{"width":1200,"height":800,"url":"https:\/\/www.usmt-aikido.fr\/wordpress\/wp-content\/uploads\/2024\/06\/Dojo-de-Shingu-04-2024-1200.jpg","type":"image\/jpeg"}],"author":"dllaiki","twitter_card":"summary_large_image","twitter_misc":{"\u00c9crit par":"dllaiki","Dur\u00e9e de lecture estim\u00e9e":"3 minutes"},"schema":{"@context":"https:\/\/schema.org","@graph":[{"@type":"WebPage","@id":"https:\/\/www.usmt-aikido.fr\/wordpress\/pascal-au-japon-sur-les-traces-do-sensei-et-de-hikitsuchi-sensei\/","url":"https:\/\/www.usmt-aikido.fr\/wordpress\/pascal-au-japon-sur-les-traces-do-sensei-et-de-hikitsuchi-sensei\/","name":"Pascal au Japon sur les traces d'O Sense\u00ef et de Hikitsuchi Sense\u00ef - USMT A\u00efkido Paris","isPartOf":{"@id":"http:\/\/www.usmt-aikido.fr\/wordpress\/#website"},"datePublished":"2024-06-13T07:39:48+00:00","dateModified":"2024-06-13T08:16:20+00:00","author":{"@id":"http:\/\/www.usmt-aikido.fr\/wordpress\/#\/schema\/person\/85b6a5d3ae310209833c32266498803d"},"breadcrumb":{"@id":"https:\/\/www.usmt-aikido.fr\/wordpress\/pascal-au-japon-sur-les-traces-do-sensei-et-de-hikitsuchi-sensei\/#breadcrumb"},"inLanguage":"fr-FR","potentialAction":[{"@type":"ReadAction","target":["https:\/\/www.usmt-aikido.fr\/wordpress\/pascal-au-japon-sur-les-traces-do-sensei-et-de-hikitsuchi-sensei\/"]}]},{"@type":"BreadcrumbList","@id":"https:\/\/www.usmt-aikido.fr\/wordpress\/pascal-au-japon-sur-les-traces-do-sensei-et-de-hikitsuchi-sensei\/#breadcrumb","itemListElement":[{"@type":"ListItem","position":1,"name":"Accueil","item":"http:\/\/www.usmt-aikido.fr\/wordpress\/"},{"@type":"ListItem","position":2,"name":"Pascal au Japon sur les traces d&rsquo;O Sense\u00ef et de Hikitsuchi Sense\u00ef"}]},{"@type":"WebSite","@id":"http:\/\/www.usmt-aikido.fr\/wordpress\/#website","url":"http:\/\/www.usmt-aikido.fr\/wordpress\/","name":"USMT A\u00efkido Paris 12","description":"","potentialAction":[{"@type":"SearchAction","target":{"@type":"EntryPoint","urlTemplate":"http:\/\/www.usmt-aikido.fr\/wordpress\/?s={search_term_string}"},"query-input":"required name=search_term_string"}],"inLanguage":"fr-FR"},{"@type":"Person","@id":"http:\/\/www.usmt-aikido.fr\/wordpress\/#\/schema\/person\/85b6a5d3ae310209833c32266498803d","name":"dllaiki","image":{"@type":"ImageObject","inLanguage":"fr-FR","@id":"http:\/\/www.usmt-aikido.fr\/wordpress\/#\/schema\/person\/image\/","url":"https:\/\/secure.gravatar.com\/avatar\/966b48925850cf0298ba103df64c4cf5?s=96&d=mm&r=g","contentUrl":"https:\/\/secure.gravatar.com\/avatar\/966b48925850cf0298ba103df64c4cf5?s=96&d=mm&r=g","caption":"dllaiki"}}]}},"_links":{"self":[{"href":"https:\/\/www.usmt-aikido.fr\/wordpress\/wp-json\/wp\/v2\/posts\/1223"}],"collection":[{"href":"https:\/\/www.usmt-aikido.fr\/wordpress\/wp-json\/wp\/v2\/posts"}],"about":[{"href":"https:\/\/www.usmt-aikido.fr\/wordpress\/wp-json\/wp\/v2\/types\/post"}],"author":[{"embeddable":true,"href":"https:\/\/www.usmt-aikido.fr\/wordpress\/wp-json\/wp\/v2\/users\/1"}],"replies":[{"embeddable":true,"href":"https:\/\/www.usmt-aikido.fr\/wordpress\/wp-json\/wp\/v2\/comments?post=1223"}],"version-history":[{"count":16,"href":"https:\/\/www.usmt-aikido.fr\/wordpress\/wp-json\/wp\/v2\/posts\/1223\/revisions"}],"predecessor-version":[{"id":1255,"href":"https:\/\/www.usmt-aikido.fr\/wordpress\/wp-json\/wp\/v2\/posts\/1223\/revisions\/1255"}],"wp:featuredmedia":[{"embeddable":true,"href":"https:\/\/www.usmt-aikido.fr\/wordpress\/wp-json\/wp\/v2\/media\/1228"}],"wp:attachment":[{"href":"https:\/\/www.usmt-aikido.fr\/wordpress\/wp-json\/wp\/v2\/media?parent=1223"}],"wp:term":[{"taxonomy":"category","embeddable":true,"href":"https:\/\/www.usmt-aikido.fr\/wordpress\/wp-json\/wp\/v2\/categories?post=1223"},{"taxonomy":"post_tag","embeddable":true,"href":"https:\/\/www.usmt-aikido.fr\/wordpress\/wp-json\/wp\/v2\/tags?post=1223"}],"curies":[{"name":"wp","href":"https:\/\/api.w.org\/{rel}","templated":true}]}}