{"id":1211,"date":"2024-01-03T19:22:12","date_gmt":"2024-01-03T18:22:12","guid":{"rendered":"https:\/\/www.usmt-aikido.fr\/wordpress\/?p=1211"},"modified":"2024-01-03T19:22:14","modified_gmt":"2024-01-03T18:22:14","slug":"stage-de-fin-dannee","status":"publish","type":"post","link":"https:\/\/www.usmt-aikido.fr\/wordpress\/stage-de-fin-dannee\/","title":{"rendered":"Stage de fin d&rsquo;ann\u00e9e"},"content":{"rendered":"\n<p>Le stage de fin d&rsquo;ann\u00e9e s&rsquo;est d\u00e9roul\u00e9 comme chaque ann\u00e9e \u00e0 Paris entre No\u00ebl et le jour de l&rsquo;an. Ci-dessous quelques techniques montr\u00e9es par G\u00e9rard Blaize avec Pascal comme uke !<\/p>\n\n\n\n<figure class=\"wp-block-embed is-type-video is-provider-youtube wp-block-embed-youtube wp-embed-aspect-16-9 wp-has-aspect-ratio\"><div class=\"wp-block-embed__wrapper\">\n<iframe loading=\"lazy\" title=\"Stage de fin d&#039;ann\u00e9e\" width=\"640\" height=\"360\" src=\"https:\/\/www.youtube.com\/embed\/vjDDVss0lpQ?feature=oembed\" frameborder=\"0\" allow=\"accelerometer; autoplay; clipboard-write; encrypted-media; gyroscope; picture-in-picture; web-share\" referrerpolicy=\"strict-origin-when-cross-origin\" allowfullscreen><\/iframe>\n<\/div><\/figure>\n","protected":false},"excerpt":{"rendered":"<p>Le stage de fin d&rsquo;ann\u00e9e s&rsquo;est d\u00e9roul\u00e9 comme chaque ann\u00e9e \u00e0 Paris entre No\u00ebl et le jour de l&rsquo;an. Ci-dessous quelques techniques montr\u00e9es par G\u00e9rard Blaize avec Pascal comme uke !<\/p>\n","protected":false},"author":1,"featured_media":1212,"comment_status":"closed","ping_status":"closed","sticky":false,"template":"","format":"standard","meta":{"footnotes":""},"categories":[5],"tags":[],"yoast_head":"<!-- This site is optimized with the Yoast SEO plugin v21.9.1 - https:\/\/yoast.com\/wordpress\/plugins\/seo\/ -->\n<title>Stage de fin d&#039;ann\u00e9e - USMT A\u00efkido Paris<\/title>\n<meta name=\"robots\" content=\"index, follow, max-snippet:-1, max-image-preview:large, max-video-preview:-1\" \/>\n<link rel=\"canonical\" href=\"http:\/\/www.usmt-aikido.fr\/wordpress\/stage-de-fin-dannee\/\" \/>\n<meta property=\"og:locale\" content=\"fr_FR\" \/>\n<meta property=\"og:type\" content=\"article\" \/>\n<meta property=\"og:title\" content=\"Stage de fin d&#039;ann\u00e9e - USMT A\u00efkido Paris\" \/>\n<meta property=\"og:description\" content=\"Le stage de fin d&rsquo;ann\u00e9e s&rsquo;est d\u00e9roul\u00e9 comme chaque ann\u00e9e \u00e0 Paris entre No\u00ebl et le jour de l&rsquo;an. Ci-dessous quelques techniques montr\u00e9es par G\u00e9rard Blaize avec Pascal comme uke !\" \/>\n<meta property=\"og:url\" content=\"http:\/\/www.usmt-aikido.fr\/wordpress\/stage-de-fin-dannee\/\" \/>\n<meta property=\"og:site_name\" content=\"USMT A\u00efkido Paris\" \/>\n<meta property=\"article:published_time\" content=\"2024-01-03T18:22:12+00:00\" \/>\n<meta property=\"article:modified_time\" content=\"2024-01-03T18:22:14+00:00\" \/>\n<meta property=\"og:image\" content=\"http:\/\/www.usmt-aikido.fr\/wordpress\/wp-content\/uploads\/2024\/01\/29122023-667A9790-copie-fb.jpg\" \/>\n\t<meta property=\"og:image:width\" content=\"2500\" \/>\n\t<meta property=\"og:image:height\" content=\"1207\" \/>\n\t<meta property=\"og:image:type\" content=\"image\/jpeg\" \/>\n<meta name=\"author\" content=\"dllaiki\" \/>\n<meta name=\"twitter:card\" content=\"summary_large_image\" \/>\n<meta name=\"twitter:label1\" content=\"\u00c9crit par\" \/>\n\t<meta name=\"twitter:data1\" content=\"dllaiki\" \/>\n\t<meta name=\"twitter:label2\" content=\"Dur\u00e9e de lecture estim\u00e9e\" \/>\n\t<meta name=\"twitter:data2\" content=\"1 minute\" \/>\n<script type=\"application\/ld+json\" class=\"yoast-schema-graph\">{\"@context\":\"https:\/\/schema.org\",\"@graph\":[{\"@type\":\"WebPage\",\"@id\":\"http:\/\/www.usmt-aikido.fr\/wordpress\/stage-de-fin-dannee\/\",\"url\":\"http:\/\/www.usmt-aikido.fr\/wordpress\/stage-de-fin-dannee\/\",\"name\":\"Stage de fin d'ann\u00e9e - USMT A\u00efkido Paris\",\"isPartOf\":{\"@id\":\"http:\/\/www.usmt-aikido.fr\/wordpress\/#website\"},\"datePublished\":\"2024-01-03T18:22:12+00:00\",\"dateModified\":\"2024-01-03T18:22:14+00:00\",\"author\":{\"@id\":\"http:\/\/www.usmt-aikido.fr\/wordpress\/#\/schema\/person\/85b6a5d3ae310209833c32266498803d\"},\"breadcrumb\":{\"@id\":\"http:\/\/www.usmt-aikido.fr\/wordpress\/stage-de-fin-dannee\/#breadcrumb\"},\"inLanguage\":\"fr-FR\",\"potentialAction\":[{\"@type\":\"ReadAction\",\"target\":[\"http:\/\/www.usmt-aikido.fr\/wordpress\/stage-de-fin-dannee\/\"]}]},{\"@type\":\"BreadcrumbList\",\"@id\":\"http:\/\/www.usmt-aikido.fr\/wordpress\/stage-de-fin-dannee\/#breadcrumb\",\"itemListElement\":[{\"@type\":\"ListItem\",\"position\":1,\"name\":\"Accueil\",\"item\":\"http:\/\/www.usmt-aikido.fr\/wordpress\/\"},{\"@type\":\"ListItem\",\"position\":2,\"name\":\"Stage de fin d&rsquo;ann\u00e9e\"}]},{\"@type\":\"WebSite\",\"@id\":\"http:\/\/www.usmt-aikido.fr\/wordpress\/#website\",\"url\":\"http:\/\/www.usmt-aikido.fr\/wordpress\/\",\"name\":\"USMT A\u00efkido Paris 12\",\"description\":\"\",\"potentialAction\":[{\"@type\":\"SearchAction\",\"target\":{\"@type\":\"EntryPoint\",\"urlTemplate\":\"http:\/\/www.usmt-aikido.fr\/wordpress\/?s={search_term_string}\"},\"query-input\":\"required name=search_term_string\"}],\"inLanguage\":\"fr-FR\"},{\"@type\":\"Person\",\"@id\":\"http:\/\/www.usmt-aikido.fr\/wordpress\/#\/schema\/person\/85b6a5d3ae310209833c32266498803d\",\"name\":\"dllaiki\",\"image\":{\"@type\":\"ImageObject\",\"inLanguage\":\"fr-FR\",\"@id\":\"http:\/\/www.usmt-aikido.fr\/wordpress\/#\/schema\/person\/image\/\",\"url\":\"https:\/\/secure.gravatar.com\/avatar\/966b48925850cf0298ba103df64c4cf5?s=96&d=mm&r=g\",\"contentUrl\":\"https:\/\/secure.gravatar.com\/avatar\/966b48925850cf0298ba103df64c4cf5?s=96&d=mm&r=g\",\"caption\":\"dllaiki\"}}]}<\/script>\n<!-- \/ Yoast SEO plugin. -->","yoast_head_json":{"title":"Stage de fin d'ann\u00e9e - USMT A\u00efkido Paris","robots":{"index":"index","follow":"follow","max-snippet":"max-snippet:-1","max-image-preview":"max-image-preview:large","max-video-preview":"max-video-preview:-1"},"canonical":"http:\/\/www.usmt-aikido.fr\/wordpress\/stage-de-fin-dannee\/","og_locale":"fr_FR","og_type":"article","og_title":"Stage de fin d'ann\u00e9e - USMT A\u00efkido Paris","og_description":"Le stage de fin d&rsquo;ann\u00e9e s&rsquo;est d\u00e9roul\u00e9 comme chaque ann\u00e9e \u00e0 Paris entre No\u00ebl et le jour de l&rsquo;an. Ci-dessous quelques techniques montr\u00e9es par G\u00e9rard Blaize avec Pascal comme uke !","og_url":"http:\/\/www.usmt-aikido.fr\/wordpress\/stage-de-fin-dannee\/","og_site_name":"USMT A\u00efkido Paris","article_published_time":"2024-01-03T18:22:12+00:00","article_modified_time":"2024-01-03T18:22:14+00:00","og_image":[{"width":2500,"height":1207,"url":"http:\/\/www.usmt-aikido.fr\/wordpress\/wp-content\/uploads\/2024\/01\/29122023-667A9790-copie-fb.jpg","type":"image\/jpeg"}],"author":"dllaiki","twitter_card":"summary_large_image","twitter_misc":{"\u00c9crit par":"dllaiki","Dur\u00e9e de lecture estim\u00e9e":"1 minute"},"schema":{"@context":"https:\/\/schema.org","@graph":[{"@type":"WebPage","@id":"http:\/\/www.usmt-aikido.fr\/wordpress\/stage-de-fin-dannee\/","url":"http:\/\/www.usmt-aikido.fr\/wordpress\/stage-de-fin-dannee\/","name":"Stage de fin d'ann\u00e9e - USMT A\u00efkido Paris","isPartOf":{"@id":"http:\/\/www.usmt-aikido.fr\/wordpress\/#website"},"datePublished":"2024-01-03T18:22:12+00:00","dateModified":"2024-01-03T18:22:14+00:00","author":{"@id":"http:\/\/www.usmt-aikido.fr\/wordpress\/#\/schema\/person\/85b6a5d3ae310209833c32266498803d"},"breadcrumb":{"@id":"http:\/\/www.usmt-aikido.fr\/wordpress\/stage-de-fin-dannee\/#breadcrumb"},"inLanguage":"fr-FR","potentialAction":[{"@type":"ReadAction","target":["http:\/\/www.usmt-aikido.fr\/wordpress\/stage-de-fin-dannee\/"]}]},{"@type":"BreadcrumbList","@id":"http:\/\/www.usmt-aikido.fr\/wordpress\/stage-de-fin-dannee\/#breadcrumb","itemListElement":[{"@type":"ListItem","position":1,"name":"Accueil","item":"http:\/\/www.usmt-aikido.fr\/wordpress\/"},{"@type":"ListItem","position":2,"name":"Stage de fin d&rsquo;ann\u00e9e"}]},{"@type":"WebSite","@id":"http:\/\/www.usmt-aikido.fr\/wordpress\/#website","url":"http:\/\/www.usmt-aikido.fr\/wordpress\/","name":"USMT A\u00efkido Paris 12","description":"","potentialAction":[{"@type":"SearchAction","target":{"@type":"EntryPoint","urlTemplate":"http:\/\/www.usmt-aikido.fr\/wordpress\/?s={search_term_string}"},"query-input":"required name=search_term_string"}],"inLanguage":"fr-FR"},{"@type":"Person","@id":"http:\/\/www.usmt-aikido.fr\/wordpress\/#\/schema\/person\/85b6a5d3ae310209833c32266498803d","name":"dllaiki","image":{"@type":"ImageObject","inLanguage":"fr-FR","@id":"http:\/\/www.usmt-aikido.fr\/wordpress\/#\/schema\/person\/image\/","url":"https:\/\/secure.gravatar.com\/avatar\/966b48925850cf0298ba103df64c4cf5?s=96&d=mm&r=g","contentUrl":"https:\/\/secure.gravatar.com\/avatar\/966b48925850cf0298ba103df64c4cf5?s=96&d=mm&r=g","caption":"dllaiki"}}]}},"_links":{"self":[{"href":"https:\/\/www.usmt-aikido.fr\/wordpress\/wp-json\/wp\/v2\/posts\/1211"}],"collection":[{"href":"https:\/\/www.usmt-aikido.fr\/wordpress\/wp-json\/wp\/v2\/posts"}],"about":[{"href":"https:\/\/www.usmt-aikido.fr\/wordpress\/wp-json\/wp\/v2\/types\/post"}],"author":[{"embeddable":true,"href":"https:\/\/www.usmt-aikido.fr\/wordpress\/wp-json\/wp\/v2\/users\/1"}],"replies":[{"embeddable":true,"href":"https:\/\/www.usmt-aikido.fr\/wordpress\/wp-json\/wp\/v2\/comments?post=1211"}],"version-history":[{"count":1,"href":"https:\/\/www.usmt-aikido.fr\/wordpress\/wp-json\/wp\/v2\/posts\/1211\/revisions"}],"predecessor-version":[{"id":1213,"href":"https:\/\/www.usmt-aikido.fr\/wordpress\/wp-json\/wp\/v2\/posts\/1211\/revisions\/1213"}],"wp:featuredmedia":[{"embeddable":true,"href":"https:\/\/www.usmt-aikido.fr\/wordpress\/wp-json\/wp\/v2\/media\/1212"}],"wp:attachment":[{"href":"https:\/\/www.usmt-aikido.fr\/wordpress\/wp-json\/wp\/v2\/media?parent=1211"}],"wp:term":[{"taxonomy":"category","embeddable":true,"href":"https:\/\/www.usmt-aikido.fr\/wordpress\/wp-json\/wp\/v2\/categories?post=1211"},{"taxonomy":"post_tag","embeddable":true,"href":"https:\/\/www.usmt-aikido.fr\/wordpress\/wp-json\/wp\/v2\/tags?post=1211"}],"curies":[{"name":"wp","href":"https:\/\/api.w.org\/{rel}","templated":true}]}}