{"id":1189,"date":"2023-08-22T10:14:34","date_gmt":"2023-08-22T09:14:34","guid":{"rendered":"https:\/\/www.usmt-aikido.fr\/wordpress\/?p=1189"},"modified":"2023-09-07T10:26:57","modified_gmt":"2023-09-07T09:26:57","slug":"rentree-2023-de-laikido-toutes-les-infos-pratiques","status":"publish","type":"post","link":"https:\/\/www.usmt-aikido.fr\/wordpress\/rentree-2023-de-laikido-toutes-les-infos-pratiques\/","title":{"rendered":"Rentr\u00e9e 2023 de l&rsquo;a\u00efkido : toutes les infos pratiques"},"content":{"rendered":"\n<p><\/p>\n\n\n\n<p>Les cours d\u2019a\u00efkido reprendront \u00e0 partir du mardi 5 septembre 2023, au <a href=\"https:\/\/usmt-bizot.org\/\">complexe Bizot<\/a>, 37, avenue du docteur Arnold Netter, Paris 12, qui vient d\u2019ouvrir juste en face de l\u2019h\u00f4pital Trousseau.<\/p>\n\n\n\n<p>Les cours ont lieu le mardi de 19 h \u00e0 20 h 30 et le jeudi de 19 h \u00e0 20 h 30. Vous \u00eates bienvenus pour venir d\u00e9couvrir le dojo et l\u2019a\u00efkido dans un cours d\u2019essai gratuit !<\/p>\n\n\n\n<p><strong>Foire aux questions :<\/strong><\/p>\n\n\n\n<p><em>Je n&rsquo;ai jamais fait d&rsquo;a\u00efkido ou d&rsquo;arts martiaux, c&rsquo;est un probl\u00e8me ?&nbsp;<\/em><\/p>\n\n\n\n<p>Absolument pas. Tout le monde a commenc\u00e9 un jour, et nous portons une attention particuli\u00e8re \u00e0 l&rsquo;accueil des d\u00e9butant(e)s et les entra\u00eenements se font sous le signe de la bienveillance.&nbsp;<\/p>\n\n\n\n<p><em>M\u00eame si je ne suis plus tout(e) jeune ?&nbsp;<\/em><\/p>\n\n\n\n<p>Oui, on peut <a href=\"https:\/\/www.usmt-aikido.fr\/wordpress\/aikido-equilibre\/\">pratiquer et d\u00e9buter l&rsquo;a\u00efkido<\/a> \u00e0 n&rsquo;importe quel \u00e2ge. Dans notre club, tout le monde pratique ensemble, quel que soit son \u00e2ge ou son niveau.<\/p>\n\n\n\n<p><em>Faut-il une tenue particuli\u00e8re pour faire un cours d\u2019essai ?&nbsp;<\/em><\/p>\n\n\n\n<p>Pas besoin d\u2019acheter un kimono &#8211; pr\u00e9voyez simplement un t-shirt et un pantalon de jogging, et des sandales ou chaussures faciles \u00e0 enlever pour rejoindre le tatami.&nbsp;<\/p>\n\n\n\n<p><em>J&rsquo;aimerai inscrire mon ou mes enfants.<\/em>&nbsp;<\/p>\n\n\n\n<p>Nous ne proposons malheureusement pas de cours enfants, mais les grands ados (\u00e0 partir du lyc\u00e9e) sont les bienvenus !<\/p>\n\n\n\n<p><em>Combien \u00e7a co\u00fbte ?&nbsp;<\/em><\/p>\n\n\n\n<p>L\u2019inscription adulte \u00e0 l\u2019ann\u00e9e co\u00fbte 350 euros, licence incluses, avec des tarifs \u201cfamille\u201d plus bas. Tous les d\u00e9tails sont&nbsp;<a href=\"https:\/\/usmt-bizot.org\/tarifs\/\" target=\"_blank\" rel=\"noreferrer noopener\">sur le site Web de Bizot<\/a>.<\/p>\n\n\n\n<p><em>Une autre question ?&nbsp;<\/em><\/p>\n\n\n\n<p>Vous pouvez nous joindre \u00e0&nbsp;<a href=\"mailto:usmtaikido@gmail.com\" target=\"_blank\" rel=\"noreferrer noopener\">usmtaikido@gmail.com<\/a><\/p>\n","protected":false},"excerpt":{"rendered":"<p>Les cours d\u2019a\u00efkido reprendront \u00e0 partir du mardi 5 septembre 2023, au complexe Bizot, 37, avenue du docteur Arnold Netter, Paris 12, qui vient d\u2019ouvrir juste en face de l\u2019h\u00f4pital Trousseau. Les cours ont lieu le mardi de 19 h \u00e0 20 h 30 et le jeudi de 19 h \u00e0 20 h 30. Vous [&hellip;]<\/p>\n","protected":false},"author":1,"featured_media":1201,"comment_status":"closed","ping_status":"closed","sticky":false,"template":"","format":"standard","meta":{"footnotes":""},"categories":[10],"tags":[],"yoast_head":"<!-- This site is optimized with the Yoast SEO plugin v21.9.1 - https:\/\/yoast.com\/wordpress\/plugins\/seo\/ -->\n<title>Rentr\u00e9e 2023 de l&#039;a\u00efkido : toutes les infos pratiques - USMT A\u00efkido Paris<\/title>\n<meta name=\"robots\" content=\"index, follow, max-snippet:-1, max-image-preview:large, max-video-preview:-1\" \/>\n<link rel=\"canonical\" href=\"https:\/\/www.usmt-aikido.fr\/wordpress\/rentree-2023-de-laikido-toutes-les-infos-pratiques\/\" \/>\n<meta property=\"og:locale\" content=\"fr_FR\" \/>\n<meta property=\"og:type\" content=\"article\" \/>\n<meta property=\"og:title\" content=\"Rentr\u00e9e 2023 de l&#039;a\u00efkido : toutes les infos pratiques - USMT A\u00efkido Paris\" \/>\n<meta property=\"og:description\" content=\"Les cours d\u2019a\u00efkido reprendront \u00e0 partir du mardi 5 septembre 2023, au complexe Bizot, 37, avenue du docteur Arnold Netter, Paris 12, qui vient d\u2019ouvrir juste en face de l\u2019h\u00f4pital Trousseau. Les cours ont lieu le mardi de 19 h \u00e0 20 h 30 et le jeudi de 19 h \u00e0 20 h 30. Vous [&hellip;]\" \/>\n<meta property=\"og:url\" content=\"https:\/\/www.usmt-aikido.fr\/wordpress\/rentree-2023-de-laikido-toutes-les-infos-pratiques\/\" \/>\n<meta property=\"og:site_name\" content=\"USMT A\u00efkido Paris\" \/>\n<meta property=\"article:published_time\" content=\"2023-08-22T09:14:34+00:00\" \/>\n<meta property=\"article:modified_time\" content=\"2023-09-07T09:26:57+00:00\" \/>\n<meta property=\"og:image\" content=\"https:\/\/www.usmt-aikido.fr\/wordpress\/wp-content\/uploads\/2023\/08\/PXL_20230905_182003864.jpg\" \/>\n\t<meta property=\"og:image:width\" content=\"800\" \/>\n\t<meta property=\"og:image:height\" content=\"602\" \/>\n\t<meta property=\"og:image:type\" content=\"image\/jpeg\" \/>\n<meta name=\"author\" content=\"dllaiki\" \/>\n<meta name=\"twitter:card\" content=\"summary_large_image\" \/>\n<meta name=\"twitter:label1\" content=\"\u00c9crit par\" \/>\n\t<meta name=\"twitter:data1\" content=\"dllaiki\" \/>\n\t<meta name=\"twitter:label2\" content=\"Dur\u00e9e de lecture estim\u00e9e\" \/>\n\t<meta name=\"twitter:data2\" content=\"2 minutes\" \/>\n<script type=\"application\/ld+json\" class=\"yoast-schema-graph\">{\"@context\":\"https:\/\/schema.org\",\"@graph\":[{\"@type\":\"WebPage\",\"@id\":\"https:\/\/www.usmt-aikido.fr\/wordpress\/rentree-2023-de-laikido-toutes-les-infos-pratiques\/\",\"url\":\"https:\/\/www.usmt-aikido.fr\/wordpress\/rentree-2023-de-laikido-toutes-les-infos-pratiques\/\",\"name\":\"Rentr\u00e9e 2023 de l'a\u00efkido : toutes les infos pratiques - USMT A\u00efkido Paris\",\"isPartOf\":{\"@id\":\"http:\/\/www.usmt-aikido.fr\/wordpress\/#website\"},\"datePublished\":\"2023-08-22T09:14:34+00:00\",\"dateModified\":\"2023-09-07T09:26:57+00:00\",\"author\":{\"@id\":\"http:\/\/www.usmt-aikido.fr\/wordpress\/#\/schema\/person\/85b6a5d3ae310209833c32266498803d\"},\"breadcrumb\":{\"@id\":\"https:\/\/www.usmt-aikido.fr\/wordpress\/rentree-2023-de-laikido-toutes-les-infos-pratiques\/#breadcrumb\"},\"inLanguage\":\"fr-FR\",\"potentialAction\":[{\"@type\":\"ReadAction\",\"target\":[\"https:\/\/www.usmt-aikido.fr\/wordpress\/rentree-2023-de-laikido-toutes-les-infos-pratiques\/\"]}]},{\"@type\":\"BreadcrumbList\",\"@id\":\"https:\/\/www.usmt-aikido.fr\/wordpress\/rentree-2023-de-laikido-toutes-les-infos-pratiques\/#breadcrumb\",\"itemListElement\":[{\"@type\":\"ListItem\",\"position\":1,\"name\":\"Accueil\",\"item\":\"http:\/\/www.usmt-aikido.fr\/wordpress\/\"},{\"@type\":\"ListItem\",\"position\":2,\"name\":\"Rentr\u00e9e 2023 de l&rsquo;a\u00efkido : toutes les infos pratiques\"}]},{\"@type\":\"WebSite\",\"@id\":\"http:\/\/www.usmt-aikido.fr\/wordpress\/#website\",\"url\":\"http:\/\/www.usmt-aikido.fr\/wordpress\/\",\"name\":\"USMT A\u00efkido Paris 12\",\"description\":\"\",\"potentialAction\":[{\"@type\":\"SearchAction\",\"target\":{\"@type\":\"EntryPoint\",\"urlTemplate\":\"http:\/\/www.usmt-aikido.fr\/wordpress\/?s={search_term_string}\"},\"query-input\":\"required name=search_term_string\"}],\"inLanguage\":\"fr-FR\"},{\"@type\":\"Person\",\"@id\":\"http:\/\/www.usmt-aikido.fr\/wordpress\/#\/schema\/person\/85b6a5d3ae310209833c32266498803d\",\"name\":\"dllaiki\",\"image\":{\"@type\":\"ImageObject\",\"inLanguage\":\"fr-FR\",\"@id\":\"http:\/\/www.usmt-aikido.fr\/wordpress\/#\/schema\/person\/image\/\",\"url\":\"https:\/\/secure.gravatar.com\/avatar\/966b48925850cf0298ba103df64c4cf5?s=96&d=mm&r=g\",\"contentUrl\":\"https:\/\/secure.gravatar.com\/avatar\/966b48925850cf0298ba103df64c4cf5?s=96&d=mm&r=g\",\"caption\":\"dllaiki\"}}]}<\/script>\n<!-- \/ Yoast SEO plugin. -->","yoast_head_json":{"title":"Rentr\u00e9e 2023 de l'a\u00efkido : toutes les infos pratiques - USMT A\u00efkido Paris","robots":{"index":"index","follow":"follow","max-snippet":"max-snippet:-1","max-image-preview":"max-image-preview:large","max-video-preview":"max-video-preview:-1"},"canonical":"https:\/\/www.usmt-aikido.fr\/wordpress\/rentree-2023-de-laikido-toutes-les-infos-pratiques\/","og_locale":"fr_FR","og_type":"article","og_title":"Rentr\u00e9e 2023 de l'a\u00efkido : toutes les infos pratiques - USMT A\u00efkido Paris","og_description":"Les cours d\u2019a\u00efkido reprendront \u00e0 partir du mardi 5 septembre 2023, au complexe Bizot, 37, avenue du docteur Arnold Netter, Paris 12, qui vient d\u2019ouvrir juste en face de l\u2019h\u00f4pital Trousseau. Les cours ont lieu le mardi de 19 h \u00e0 20 h 30 et le jeudi de 19 h \u00e0 20 h 30. Vous [&hellip;]","og_url":"https:\/\/www.usmt-aikido.fr\/wordpress\/rentree-2023-de-laikido-toutes-les-infos-pratiques\/","og_site_name":"USMT A\u00efkido Paris","article_published_time":"2023-08-22T09:14:34+00:00","article_modified_time":"2023-09-07T09:26:57+00:00","og_image":[{"width":800,"height":602,"url":"https:\/\/www.usmt-aikido.fr\/wordpress\/wp-content\/uploads\/2023\/08\/PXL_20230905_182003864.jpg","type":"image\/jpeg"}],"author":"dllaiki","twitter_card":"summary_large_image","twitter_misc":{"\u00c9crit par":"dllaiki","Dur\u00e9e de lecture estim\u00e9e":"2 minutes"},"schema":{"@context":"https:\/\/schema.org","@graph":[{"@type":"WebPage","@id":"https:\/\/www.usmt-aikido.fr\/wordpress\/rentree-2023-de-laikido-toutes-les-infos-pratiques\/","url":"https:\/\/www.usmt-aikido.fr\/wordpress\/rentree-2023-de-laikido-toutes-les-infos-pratiques\/","name":"Rentr\u00e9e 2023 de l'a\u00efkido : toutes les infos pratiques - USMT A\u00efkido Paris","isPartOf":{"@id":"http:\/\/www.usmt-aikido.fr\/wordpress\/#website"},"datePublished":"2023-08-22T09:14:34+00:00","dateModified":"2023-09-07T09:26:57+00:00","author":{"@id":"http:\/\/www.usmt-aikido.fr\/wordpress\/#\/schema\/person\/85b6a5d3ae310209833c32266498803d"},"breadcrumb":{"@id":"https:\/\/www.usmt-aikido.fr\/wordpress\/rentree-2023-de-laikido-toutes-les-infos-pratiques\/#breadcrumb"},"inLanguage":"fr-FR","potentialAction":[{"@type":"ReadAction","target":["https:\/\/www.usmt-aikido.fr\/wordpress\/rentree-2023-de-laikido-toutes-les-infos-pratiques\/"]}]},{"@type":"BreadcrumbList","@id":"https:\/\/www.usmt-aikido.fr\/wordpress\/rentree-2023-de-laikido-toutes-les-infos-pratiques\/#breadcrumb","itemListElement":[{"@type":"ListItem","position":1,"name":"Accueil","item":"http:\/\/www.usmt-aikido.fr\/wordpress\/"},{"@type":"ListItem","position":2,"name":"Rentr\u00e9e 2023 de l&rsquo;a\u00efkido : toutes les infos pratiques"}]},{"@type":"WebSite","@id":"http:\/\/www.usmt-aikido.fr\/wordpress\/#website","url":"http:\/\/www.usmt-aikido.fr\/wordpress\/","name":"USMT A\u00efkido Paris 12","description":"","potentialAction":[{"@type":"SearchAction","target":{"@type":"EntryPoint","urlTemplate":"http:\/\/www.usmt-aikido.fr\/wordpress\/?s={search_term_string}"},"query-input":"required name=search_term_string"}],"inLanguage":"fr-FR"},{"@type":"Person","@id":"http:\/\/www.usmt-aikido.fr\/wordpress\/#\/schema\/person\/85b6a5d3ae310209833c32266498803d","name":"dllaiki","image":{"@type":"ImageObject","inLanguage":"fr-FR","@id":"http:\/\/www.usmt-aikido.fr\/wordpress\/#\/schema\/person\/image\/","url":"https:\/\/secure.gravatar.com\/avatar\/966b48925850cf0298ba103df64c4cf5?s=96&d=mm&r=g","contentUrl":"https:\/\/secure.gravatar.com\/avatar\/966b48925850cf0298ba103df64c4cf5?s=96&d=mm&r=g","caption":"dllaiki"}}]}},"_links":{"self":[{"href":"https:\/\/www.usmt-aikido.fr\/wordpress\/wp-json\/wp\/v2\/posts\/1189"}],"collection":[{"href":"https:\/\/www.usmt-aikido.fr\/wordpress\/wp-json\/wp\/v2\/posts"}],"about":[{"href":"https:\/\/www.usmt-aikido.fr\/wordpress\/wp-json\/wp\/v2\/types\/post"}],"author":[{"embeddable":true,"href":"https:\/\/www.usmt-aikido.fr\/wordpress\/wp-json\/wp\/v2\/users\/1"}],"replies":[{"embeddable":true,"href":"https:\/\/www.usmt-aikido.fr\/wordpress\/wp-json\/wp\/v2\/comments?post=1189"}],"version-history":[{"count":3,"href":"https:\/\/www.usmt-aikido.fr\/wordpress\/wp-json\/wp\/v2\/posts\/1189\/revisions"}],"predecessor-version":[{"id":1202,"href":"https:\/\/www.usmt-aikido.fr\/wordpress\/wp-json\/wp\/v2\/posts\/1189\/revisions\/1202"}],"wp:featuredmedia":[{"embeddable":true,"href":"https:\/\/www.usmt-aikido.fr\/wordpress\/wp-json\/wp\/v2\/media\/1201"}],"wp:attachment":[{"href":"https:\/\/www.usmt-aikido.fr\/wordpress\/wp-json\/wp\/v2\/media?parent=1189"}],"wp:term":[{"taxonomy":"category","embeddable":true,"href":"https:\/\/www.usmt-aikido.fr\/wordpress\/wp-json\/wp\/v2\/categories?post=1189"},{"taxonomy":"post_tag","embeddable":true,"href":"https:\/\/www.usmt-aikido.fr\/wordpress\/wp-json\/wp\/v2\/tags?post=1189"}],"curies":[{"name":"wp","href":"https:\/\/api.w.org\/{rel}","templated":true}]}}