{"id":1169,"date":"2023-04-11T16:47:45","date_gmt":"2023-04-11T15:47:45","guid":{"rendered":"https:\/\/www.usmt-aikido.fr\/wordpress\/?p=1169"},"modified":"2023-04-11T16:47:46","modified_gmt":"2023-04-11T15:47:46","slug":"le-diplome-du-5e-dan-remis-a-pascal","status":"publish","type":"post","link":"https:\/\/www.usmt-aikido.fr\/wordpress\/le-diplome-du-5e-dan-remis-a-pascal\/","title":{"rendered":"Le dipl\u00f4me du 5e dan remis \u00e0 Pascal"},"content":{"rendered":"\n<p>G\u00e9rard Blaize a remis ce 5 mars \u00e0 Pascal son dipl\u00f4me du cinqui\u00e8me dan de l&rsquo;A\u00efkika\u00ef, qu&rsquo;il avait obtenu lors du stage de la Pentec\u00f4te 2022. Toutes nos f\u00e9licitations !<\/p>\n\n\n\n<figure class=\"wp-block-gallery has-nested-images columns-default is-cropped wp-block-gallery-1 is-layout-flex wp-block-gallery-is-layout-flex\">\n<figure class=\"wp-block-image size-large\"><img loading=\"lazy\" decoding=\"async\" width=\"650\" height=\"504\" data-id=\"1170\" src=\"https:\/\/www.usmt-aikido.fr\/wordpress\/wp-content\/uploads\/2023\/04\/20230304_175709-650x504.jpg\" alt=\"\" class=\"wp-image-1170\" srcset=\"https:\/\/www.usmt-aikido.fr\/wordpress\/wp-content\/uploads\/2023\/04\/20230304_175709-650x504.jpg 650w, https:\/\/www.usmt-aikido.fr\/wordpress\/wp-content\/uploads\/2023\/04\/20230304_175709-700x543.jpg 700w, https:\/\/www.usmt-aikido.fr\/wordpress\/wp-content\/uploads\/2023\/04\/20230304_175709-768x595.jpg 768w, https:\/\/www.usmt-aikido.fr\/wordpress\/wp-content\/uploads\/2023\/04\/20230304_175709-150x116.jpg 150w, https:\/\/www.usmt-aikido.fr\/wordpress\/wp-content\/uploads\/2023\/04\/20230304_175709.jpg 1200w\" sizes=\"(max-width: 650px) 100vw, 650px\" \/><\/figure>\n\n\n\n<figure class=\"wp-block-image size-large\"><img loading=\"lazy\" decoding=\"async\" width=\"650\" height=\"453\" data-id=\"1172\" src=\"https:\/\/www.usmt-aikido.fr\/wordpress\/wp-content\/uploads\/2023\/04\/20230304_175722-650x453.jpg\" alt=\"\" class=\"wp-image-1172\" srcset=\"https:\/\/www.usmt-aikido.fr\/wordpress\/wp-content\/uploads\/2023\/04\/20230304_175722-650x453.jpg 650w, https:\/\/www.usmt-aikido.fr\/wordpress\/wp-content\/uploads\/2023\/04\/20230304_175722-700x488.jpg 700w, https:\/\/www.usmt-aikido.fr\/wordpress\/wp-content\/uploads\/2023\/04\/20230304_175722-768x535.jpg 768w, https:\/\/www.usmt-aikido.fr\/wordpress\/wp-content\/uploads\/2023\/04\/20230304_175722-167x116.jpg 167w, https:\/\/www.usmt-aikido.fr\/wordpress\/wp-content\/uploads\/2023\/04\/20230304_175722.jpg 1200w\" sizes=\"(max-width: 650px) 100vw, 650px\" \/><\/figure>\n\n\n\n<figure class=\"wp-block-image size-large\"><img loading=\"lazy\" decoding=\"async\" width=\"650\" height=\"415\" data-id=\"1171\" src=\"https:\/\/www.usmt-aikido.fr\/wordpress\/wp-content\/uploads\/2023\/04\/20230304_175732-650x415.jpg\" alt=\"\" class=\"wp-image-1171\" srcset=\"https:\/\/www.usmt-aikido.fr\/wordpress\/wp-content\/uploads\/2023\/04\/20230304_175732-650x415.jpg 650w, https:\/\/www.usmt-aikido.fr\/wordpress\/wp-content\/uploads\/2023\/04\/20230304_175732-700x447.jpg 700w, https:\/\/www.usmt-aikido.fr\/wordpress\/wp-content\/uploads\/2023\/04\/20230304_175732-768x491.jpg 768w, https:\/\/www.usmt-aikido.fr\/wordpress\/wp-content\/uploads\/2023\/04\/20230304_175732-181x116.jpg 181w, https:\/\/www.usmt-aikido.fr\/wordpress\/wp-content\/uploads\/2023\/04\/20230304_175732.jpg 1200w\" sizes=\"(max-width: 650px) 100vw, 650px\" \/><\/figure>\n<\/figure>\n\n\n\n<p><\/p>\n\n\n<div class=\"wp-block-image\">\n<figure class=\"aligncenter size-large\"><img loading=\"lazy\" decoding=\"async\" width=\"650\" height=\"253\" src=\"https:\/\/www.usmt-aikido.fr\/wordpress\/wp-content\/uploads\/2023\/04\/Diplome-5eme-dan-aiatj-650x253.jpg\" alt=\"\" class=\"wp-image-1173\" srcset=\"https:\/\/www.usmt-aikido.fr\/wordpress\/wp-content\/uploads\/2023\/04\/Diplome-5eme-dan-aiatj-650x253.jpg 650w, https:\/\/www.usmt-aikido.fr\/wordpress\/wp-content\/uploads\/2023\/04\/Diplome-5eme-dan-aiatj-700x272.jpg 700w, https:\/\/www.usmt-aikido.fr\/wordpress\/wp-content\/uploads\/2023\/04\/Diplome-5eme-dan-aiatj-768x299.jpg 768w, https:\/\/www.usmt-aikido.fr\/wordpress\/wp-content\/uploads\/2023\/04\/Diplome-5eme-dan-aiatj-228x89.jpg 228w, https:\/\/www.usmt-aikido.fr\/wordpress\/wp-content\/uploads\/2023\/04\/Diplome-5eme-dan-aiatj.jpg 1200w\" sizes=\"(max-width: 650px) 100vw, 650px\" \/><figcaption class=\"wp-element-caption\">Le dipl\u00f4me de l&rsquo;A\u00efkika\u00ef<\/figcaption><\/figure><\/div>\n\n\n<p><\/p>\n","protected":false},"excerpt":{"rendered":"<p>G\u00e9rard Blaize a remis ce 5 mars \u00e0 Pascal son dipl\u00f4me du cinqui\u00e8me dan de l&rsquo;A\u00efkika\u00ef, qu&rsquo;il avait obtenu lors du stage de la Pentec\u00f4te 2022. Toutes nos f\u00e9licitations !<\/p>\n","protected":false},"author":1,"featured_media":1174,"comment_status":"closed","ping_status":"closed","sticky":false,"template":"","format":"standard","meta":{"footnotes":""},"categories":[10],"tags":[],"yoast_head":"<!-- This site is optimized with the Yoast SEO plugin v21.9.1 - https:\/\/yoast.com\/wordpress\/plugins\/seo\/ -->\n<title>Le dipl\u00f4me du 5e dan remis \u00e0 Pascal - USMT A\u00efkido Paris<\/title>\n<meta name=\"robots\" content=\"index, follow, max-snippet:-1, max-image-preview:large, max-video-preview:-1\" \/>\n<link rel=\"canonical\" href=\"https:\/\/www.usmt-aikido.fr\/wordpress\/le-diplome-du-5e-dan-remis-a-pascal\/\" \/>\n<meta property=\"og:locale\" content=\"fr_FR\" \/>\n<meta property=\"og:type\" content=\"article\" \/>\n<meta property=\"og:title\" content=\"Le dipl\u00f4me du 5e dan remis \u00e0 Pascal - USMT A\u00efkido Paris\" \/>\n<meta property=\"og:description\" content=\"G\u00e9rard Blaize a remis ce 5 mars \u00e0 Pascal son dipl\u00f4me du cinqui\u00e8me dan de l&rsquo;A\u00efkika\u00ef, qu&rsquo;il avait obtenu lors du stage de la Pentec\u00f4te 2022. Toutes nos f\u00e9licitations !\" \/>\n<meta property=\"og:url\" content=\"https:\/\/www.usmt-aikido.fr\/wordpress\/le-diplome-du-5e-dan-remis-a-pascal\/\" \/>\n<meta property=\"og:site_name\" content=\"USMT A\u00efkido Paris\" \/>\n<meta property=\"article:published_time\" content=\"2023-04-11T15:47:45+00:00\" \/>\n<meta property=\"article:modified_time\" content=\"2023-04-11T15:47:46+00:00\" \/>\n<meta property=\"og:image\" content=\"https:\/\/www.usmt-aikido.fr\/wordpress\/wp-content\/uploads\/2023\/04\/20230304_180331.jpg\" \/>\n\t<meta property=\"og:image:width\" content=\"1200\" \/>\n\t<meta property=\"og:image:height\" content=\"900\" \/>\n\t<meta property=\"og:image:type\" content=\"image\/jpeg\" \/>\n<meta name=\"author\" content=\"dllaiki\" \/>\n<meta name=\"twitter:card\" content=\"summary_large_image\" \/>\n<meta name=\"twitter:label1\" content=\"\u00c9crit par\" \/>\n\t<meta name=\"twitter:data1\" content=\"dllaiki\" \/>\n\t<meta name=\"twitter:label2\" content=\"Dur\u00e9e de lecture estim\u00e9e\" \/>\n\t<meta name=\"twitter:data2\" content=\"1 minute\" \/>\n<script type=\"application\/ld+json\" class=\"yoast-schema-graph\">{\"@context\":\"https:\/\/schema.org\",\"@graph\":[{\"@type\":\"WebPage\",\"@id\":\"https:\/\/www.usmt-aikido.fr\/wordpress\/le-diplome-du-5e-dan-remis-a-pascal\/\",\"url\":\"https:\/\/www.usmt-aikido.fr\/wordpress\/le-diplome-du-5e-dan-remis-a-pascal\/\",\"name\":\"Le dipl\u00f4me du 5e dan remis \u00e0 Pascal - USMT A\u00efkido Paris\",\"isPartOf\":{\"@id\":\"http:\/\/www.usmt-aikido.fr\/wordpress\/#website\"},\"datePublished\":\"2023-04-11T15:47:45+00:00\",\"dateModified\":\"2023-04-11T15:47:46+00:00\",\"author\":{\"@id\":\"http:\/\/www.usmt-aikido.fr\/wordpress\/#\/schema\/person\/85b6a5d3ae310209833c32266498803d\"},\"breadcrumb\":{\"@id\":\"https:\/\/www.usmt-aikido.fr\/wordpress\/le-diplome-du-5e-dan-remis-a-pascal\/#breadcrumb\"},\"inLanguage\":\"fr-FR\",\"potentialAction\":[{\"@type\":\"ReadAction\",\"target\":[\"https:\/\/www.usmt-aikido.fr\/wordpress\/le-diplome-du-5e-dan-remis-a-pascal\/\"]}]},{\"@type\":\"BreadcrumbList\",\"@id\":\"https:\/\/www.usmt-aikido.fr\/wordpress\/le-diplome-du-5e-dan-remis-a-pascal\/#breadcrumb\",\"itemListElement\":[{\"@type\":\"ListItem\",\"position\":1,\"name\":\"Accueil\",\"item\":\"http:\/\/www.usmt-aikido.fr\/wordpress\/\"},{\"@type\":\"ListItem\",\"position\":2,\"name\":\"Le dipl\u00f4me du 5e dan remis \u00e0 Pascal\"}]},{\"@type\":\"WebSite\",\"@id\":\"http:\/\/www.usmt-aikido.fr\/wordpress\/#website\",\"url\":\"http:\/\/www.usmt-aikido.fr\/wordpress\/\",\"name\":\"USMT A\u00efkido Paris 12\",\"description\":\"\",\"potentialAction\":[{\"@type\":\"SearchAction\",\"target\":{\"@type\":\"EntryPoint\",\"urlTemplate\":\"http:\/\/www.usmt-aikido.fr\/wordpress\/?s={search_term_string}\"},\"query-input\":\"required name=search_term_string\"}],\"inLanguage\":\"fr-FR\"},{\"@type\":\"Person\",\"@id\":\"http:\/\/www.usmt-aikido.fr\/wordpress\/#\/schema\/person\/85b6a5d3ae310209833c32266498803d\",\"name\":\"dllaiki\",\"image\":{\"@type\":\"ImageObject\",\"inLanguage\":\"fr-FR\",\"@id\":\"http:\/\/www.usmt-aikido.fr\/wordpress\/#\/schema\/person\/image\/\",\"url\":\"https:\/\/secure.gravatar.com\/avatar\/966b48925850cf0298ba103df64c4cf5?s=96&d=mm&r=g\",\"contentUrl\":\"https:\/\/secure.gravatar.com\/avatar\/966b48925850cf0298ba103df64c4cf5?s=96&d=mm&r=g\",\"caption\":\"dllaiki\"}}]}<\/script>\n<!-- \/ Yoast SEO plugin. -->","yoast_head_json":{"title":"Le dipl\u00f4me du 5e dan remis \u00e0 Pascal - USMT A\u00efkido Paris","robots":{"index":"index","follow":"follow","max-snippet":"max-snippet:-1","max-image-preview":"max-image-preview:large","max-video-preview":"max-video-preview:-1"},"canonical":"https:\/\/www.usmt-aikido.fr\/wordpress\/le-diplome-du-5e-dan-remis-a-pascal\/","og_locale":"fr_FR","og_type":"article","og_title":"Le dipl\u00f4me du 5e dan remis \u00e0 Pascal - USMT A\u00efkido Paris","og_description":"G\u00e9rard Blaize a remis ce 5 mars \u00e0 Pascal son dipl\u00f4me du cinqui\u00e8me dan de l&rsquo;A\u00efkika\u00ef, qu&rsquo;il avait obtenu lors du stage de la Pentec\u00f4te 2022. Toutes nos f\u00e9licitations !","og_url":"https:\/\/www.usmt-aikido.fr\/wordpress\/le-diplome-du-5e-dan-remis-a-pascal\/","og_site_name":"USMT A\u00efkido Paris","article_published_time":"2023-04-11T15:47:45+00:00","article_modified_time":"2023-04-11T15:47:46+00:00","og_image":[{"width":1200,"height":900,"url":"https:\/\/www.usmt-aikido.fr\/wordpress\/wp-content\/uploads\/2023\/04\/20230304_180331.jpg","type":"image\/jpeg"}],"author":"dllaiki","twitter_card":"summary_large_image","twitter_misc":{"\u00c9crit par":"dllaiki","Dur\u00e9e de lecture estim\u00e9e":"1 minute"},"schema":{"@context":"https:\/\/schema.org","@graph":[{"@type":"WebPage","@id":"https:\/\/www.usmt-aikido.fr\/wordpress\/le-diplome-du-5e-dan-remis-a-pascal\/","url":"https:\/\/www.usmt-aikido.fr\/wordpress\/le-diplome-du-5e-dan-remis-a-pascal\/","name":"Le dipl\u00f4me du 5e dan remis \u00e0 Pascal - USMT A\u00efkido Paris","isPartOf":{"@id":"http:\/\/www.usmt-aikido.fr\/wordpress\/#website"},"datePublished":"2023-04-11T15:47:45+00:00","dateModified":"2023-04-11T15:47:46+00:00","author":{"@id":"http:\/\/www.usmt-aikido.fr\/wordpress\/#\/schema\/person\/85b6a5d3ae310209833c32266498803d"},"breadcrumb":{"@id":"https:\/\/www.usmt-aikido.fr\/wordpress\/le-diplome-du-5e-dan-remis-a-pascal\/#breadcrumb"},"inLanguage":"fr-FR","potentialAction":[{"@type":"ReadAction","target":["https:\/\/www.usmt-aikido.fr\/wordpress\/le-diplome-du-5e-dan-remis-a-pascal\/"]}]},{"@type":"BreadcrumbList","@id":"https:\/\/www.usmt-aikido.fr\/wordpress\/le-diplome-du-5e-dan-remis-a-pascal\/#breadcrumb","itemListElement":[{"@type":"ListItem","position":1,"name":"Accueil","item":"http:\/\/www.usmt-aikido.fr\/wordpress\/"},{"@type":"ListItem","position":2,"name":"Le dipl\u00f4me du 5e dan remis \u00e0 Pascal"}]},{"@type":"WebSite","@id":"http:\/\/www.usmt-aikido.fr\/wordpress\/#website","url":"http:\/\/www.usmt-aikido.fr\/wordpress\/","name":"USMT A\u00efkido Paris 12","description":"","potentialAction":[{"@type":"SearchAction","target":{"@type":"EntryPoint","urlTemplate":"http:\/\/www.usmt-aikido.fr\/wordpress\/?s={search_term_string}"},"query-input":"required name=search_term_string"}],"inLanguage":"fr-FR"},{"@type":"Person","@id":"http:\/\/www.usmt-aikido.fr\/wordpress\/#\/schema\/person\/85b6a5d3ae310209833c32266498803d","name":"dllaiki","image":{"@type":"ImageObject","inLanguage":"fr-FR","@id":"http:\/\/www.usmt-aikido.fr\/wordpress\/#\/schema\/person\/image\/","url":"https:\/\/secure.gravatar.com\/avatar\/966b48925850cf0298ba103df64c4cf5?s=96&d=mm&r=g","contentUrl":"https:\/\/secure.gravatar.com\/avatar\/966b48925850cf0298ba103df64c4cf5?s=96&d=mm&r=g","caption":"dllaiki"}}]}},"_links":{"self":[{"href":"https:\/\/www.usmt-aikido.fr\/wordpress\/wp-json\/wp\/v2\/posts\/1169"}],"collection":[{"href":"https:\/\/www.usmt-aikido.fr\/wordpress\/wp-json\/wp\/v2\/posts"}],"about":[{"href":"https:\/\/www.usmt-aikido.fr\/wordpress\/wp-json\/wp\/v2\/types\/post"}],"author":[{"embeddable":true,"href":"https:\/\/www.usmt-aikido.fr\/wordpress\/wp-json\/wp\/v2\/users\/1"}],"replies":[{"embeddable":true,"href":"https:\/\/www.usmt-aikido.fr\/wordpress\/wp-json\/wp\/v2\/comments?post=1169"}],"version-history":[{"count":3,"href":"https:\/\/www.usmt-aikido.fr\/wordpress\/wp-json\/wp\/v2\/posts\/1169\/revisions"}],"predecessor-version":[{"id":1177,"href":"https:\/\/www.usmt-aikido.fr\/wordpress\/wp-json\/wp\/v2\/posts\/1169\/revisions\/1177"}],"wp:featuredmedia":[{"embeddable":true,"href":"https:\/\/www.usmt-aikido.fr\/wordpress\/wp-json\/wp\/v2\/media\/1174"}],"wp:attachment":[{"href":"https:\/\/www.usmt-aikido.fr\/wordpress\/wp-json\/wp\/v2\/media?parent=1169"}],"wp:term":[{"taxonomy":"category","embeddable":true,"href":"https:\/\/www.usmt-aikido.fr\/wordpress\/wp-json\/wp\/v2\/categories?post=1169"},{"taxonomy":"post_tag","embeddable":true,"href":"https:\/\/www.usmt-aikido.fr\/wordpress\/wp-json\/wp\/v2\/tags?post=1169"}],"curies":[{"name":"wp","href":"https:\/\/api.w.org\/{rel}","templated":true}]}}