{"id":1139,"date":"2023-01-01T18:45:55","date_gmt":"2023-01-01T17:45:55","guid":{"rendered":"https:\/\/www.usmt-aikido.fr\/wordpress\/?p=1139"},"modified":"2023-01-12T11:56:28","modified_gmt":"2023-01-12T10:56:28","slug":"stage-de-bo-avec-jean-marc-martin-ce-14-fevrier","status":"publish","type":"post","link":"https:\/\/www.usmt-aikido.fr\/wordpress\/stage-de-bo-avec-jean-marc-martin-ce-14-fevrier\/","title":{"rendered":"Stage de Bo avec Jean-Marc Martin ce 12 f\u00e9vrier"},"content":{"rendered":"\n<p>Le stage de Bo dirig\u00e9e par Jean-Marc aura lieu au dojo ce dimanche 12 f\u00e9vrier. Tous les d\u00e9tails ci-dessous : <\/p>\n\n\n\n<figure class=\"wp-block-image size-full\"><img loading=\"lazy\" decoding=\"async\" width=\"600\" height=\"800\" src=\"https:\/\/www.usmt-aikido.fr\/wordpress\/wp-content\/uploads\/2023\/01\/stage_bo.jpg\" alt=\"\" class=\"wp-image-1140\" srcset=\"https:\/\/www.usmt-aikido.fr\/wordpress\/wp-content\/uploads\/2023\/01\/stage_bo.jpg 600w, https:\/\/www.usmt-aikido.fr\/wordpress\/wp-content\/uploads\/2023\/01\/stage_bo-525x700.jpg 525w, https:\/\/www.usmt-aikido.fr\/wordpress\/wp-content\/uploads\/2023\/01\/stage_bo-87x116.jpg 87w\" sizes=\"(max-width: 600px) 100vw, 600px\" \/><\/figure>\n","protected":false},"excerpt":{"rendered":"<p>Le stage de Bo dirig\u00e9e par Jean-Marc aura lieu au dojo ce dimanche 12 f\u00e9vrier. Tous les d\u00e9tails ci-dessous :<\/p>\n","protected":false},"author":1,"featured_media":1140,"comment_status":"closed","ping_status":"closed","sticky":false,"template":"","format":"standard","meta":{"footnotes":""},"categories":[1],"tags":[],"yoast_head":"<!-- This site is optimized with the Yoast SEO plugin v21.9.1 - https:\/\/yoast.com\/wordpress\/plugins\/seo\/ -->\n<title>Stage de Bo avec Jean-Marc Martin ce 12 f\u00e9vrier - USMT A\u00efkido Paris<\/title>\n<meta name=\"robots\" content=\"index, follow, max-snippet:-1, max-image-preview:large, max-video-preview:-1\" \/>\n<link rel=\"canonical\" href=\"https:\/\/www.usmt-aikido.fr\/wordpress\/stage-de-bo-avec-jean-marc-martin-ce-14-fevrier\/\" \/>\n<meta property=\"og:locale\" content=\"fr_FR\" \/>\n<meta property=\"og:type\" content=\"article\" \/>\n<meta property=\"og:title\" content=\"Stage de Bo avec Jean-Marc Martin ce 12 f\u00e9vrier - USMT A\u00efkido Paris\" \/>\n<meta property=\"og:description\" content=\"Le stage de Bo dirig\u00e9e par Jean-Marc aura lieu au dojo ce dimanche 12 f\u00e9vrier. Tous les d\u00e9tails ci-dessous :\" \/>\n<meta property=\"og:url\" content=\"https:\/\/www.usmt-aikido.fr\/wordpress\/stage-de-bo-avec-jean-marc-martin-ce-14-fevrier\/\" \/>\n<meta property=\"og:site_name\" content=\"USMT A\u00efkido Paris\" \/>\n<meta property=\"article:published_time\" content=\"2023-01-01T17:45:55+00:00\" \/>\n<meta property=\"article:modified_time\" content=\"2023-01-12T10:56:28+00:00\" \/>\n<meta property=\"og:image\" content=\"https:\/\/www.usmt-aikido.fr\/wordpress\/wp-content\/uploads\/2023\/01\/stage_bo.jpg\" \/>\n\t<meta property=\"og:image:width\" content=\"600\" \/>\n\t<meta property=\"og:image:height\" content=\"800\" \/>\n\t<meta property=\"og:image:type\" content=\"image\/jpeg\" \/>\n<meta name=\"author\" content=\"dllaiki\" \/>\n<meta name=\"twitter:card\" content=\"summary_large_image\" \/>\n<meta name=\"twitter:label1\" content=\"\u00c9crit par\" \/>\n\t<meta name=\"twitter:data1\" content=\"dllaiki\" \/>\n\t<meta name=\"twitter:label2\" content=\"Dur\u00e9e de lecture estim\u00e9e\" \/>\n\t<meta name=\"twitter:data2\" content=\"1 minute\" \/>\n<script type=\"application\/ld+json\" class=\"yoast-schema-graph\">{\"@context\":\"https:\/\/schema.org\",\"@graph\":[{\"@type\":\"WebPage\",\"@id\":\"https:\/\/www.usmt-aikido.fr\/wordpress\/stage-de-bo-avec-jean-marc-martin-ce-14-fevrier\/\",\"url\":\"https:\/\/www.usmt-aikido.fr\/wordpress\/stage-de-bo-avec-jean-marc-martin-ce-14-fevrier\/\",\"name\":\"Stage de Bo avec Jean-Marc Martin ce 12 f\u00e9vrier - USMT A\u00efkido Paris\",\"isPartOf\":{\"@id\":\"http:\/\/www.usmt-aikido.fr\/wordpress\/#website\"},\"datePublished\":\"2023-01-01T17:45:55+00:00\",\"dateModified\":\"2023-01-12T10:56:28+00:00\",\"author\":{\"@id\":\"http:\/\/www.usmt-aikido.fr\/wordpress\/#\/schema\/person\/85b6a5d3ae310209833c32266498803d\"},\"breadcrumb\":{\"@id\":\"https:\/\/www.usmt-aikido.fr\/wordpress\/stage-de-bo-avec-jean-marc-martin-ce-14-fevrier\/#breadcrumb\"},\"inLanguage\":\"fr-FR\",\"potentialAction\":[{\"@type\":\"ReadAction\",\"target\":[\"https:\/\/www.usmt-aikido.fr\/wordpress\/stage-de-bo-avec-jean-marc-martin-ce-14-fevrier\/\"]}]},{\"@type\":\"BreadcrumbList\",\"@id\":\"https:\/\/www.usmt-aikido.fr\/wordpress\/stage-de-bo-avec-jean-marc-martin-ce-14-fevrier\/#breadcrumb\",\"itemListElement\":[{\"@type\":\"ListItem\",\"position\":1,\"name\":\"Accueil\",\"item\":\"http:\/\/www.usmt-aikido.fr\/wordpress\/\"},{\"@type\":\"ListItem\",\"position\":2,\"name\":\"Stage de Bo avec Jean-Marc Martin ce 12 f\u00e9vrier\"}]},{\"@type\":\"WebSite\",\"@id\":\"http:\/\/www.usmt-aikido.fr\/wordpress\/#website\",\"url\":\"http:\/\/www.usmt-aikido.fr\/wordpress\/\",\"name\":\"USMT A\u00efkido Paris 12\",\"description\":\"\",\"potentialAction\":[{\"@type\":\"SearchAction\",\"target\":{\"@type\":\"EntryPoint\",\"urlTemplate\":\"http:\/\/www.usmt-aikido.fr\/wordpress\/?s={search_term_string}\"},\"query-input\":\"required name=search_term_string\"}],\"inLanguage\":\"fr-FR\"},{\"@type\":\"Person\",\"@id\":\"http:\/\/www.usmt-aikido.fr\/wordpress\/#\/schema\/person\/85b6a5d3ae310209833c32266498803d\",\"name\":\"dllaiki\",\"image\":{\"@type\":\"ImageObject\",\"inLanguage\":\"fr-FR\",\"@id\":\"http:\/\/www.usmt-aikido.fr\/wordpress\/#\/schema\/person\/image\/\",\"url\":\"https:\/\/secure.gravatar.com\/avatar\/966b48925850cf0298ba103df64c4cf5?s=96&d=mm&r=g\",\"contentUrl\":\"https:\/\/secure.gravatar.com\/avatar\/966b48925850cf0298ba103df64c4cf5?s=96&d=mm&r=g\",\"caption\":\"dllaiki\"}}]}<\/script>\n<!-- \/ Yoast SEO plugin. -->","yoast_head_json":{"title":"Stage de Bo avec Jean-Marc Martin ce 12 f\u00e9vrier - USMT A\u00efkido Paris","robots":{"index":"index","follow":"follow","max-snippet":"max-snippet:-1","max-image-preview":"max-image-preview:large","max-video-preview":"max-video-preview:-1"},"canonical":"https:\/\/www.usmt-aikido.fr\/wordpress\/stage-de-bo-avec-jean-marc-martin-ce-14-fevrier\/","og_locale":"fr_FR","og_type":"article","og_title":"Stage de Bo avec Jean-Marc Martin ce 12 f\u00e9vrier - USMT A\u00efkido Paris","og_description":"Le stage de Bo dirig\u00e9e par Jean-Marc aura lieu au dojo ce dimanche 12 f\u00e9vrier. Tous les d\u00e9tails ci-dessous :","og_url":"https:\/\/www.usmt-aikido.fr\/wordpress\/stage-de-bo-avec-jean-marc-martin-ce-14-fevrier\/","og_site_name":"USMT A\u00efkido Paris","article_published_time":"2023-01-01T17:45:55+00:00","article_modified_time":"2023-01-12T10:56:28+00:00","og_image":[{"width":600,"height":800,"url":"https:\/\/www.usmt-aikido.fr\/wordpress\/wp-content\/uploads\/2023\/01\/stage_bo.jpg","type":"image\/jpeg"}],"author":"dllaiki","twitter_card":"summary_large_image","twitter_misc":{"\u00c9crit par":"dllaiki","Dur\u00e9e de lecture estim\u00e9e":"1 minute"},"schema":{"@context":"https:\/\/schema.org","@graph":[{"@type":"WebPage","@id":"https:\/\/www.usmt-aikido.fr\/wordpress\/stage-de-bo-avec-jean-marc-martin-ce-14-fevrier\/","url":"https:\/\/www.usmt-aikido.fr\/wordpress\/stage-de-bo-avec-jean-marc-martin-ce-14-fevrier\/","name":"Stage de Bo avec Jean-Marc Martin ce 12 f\u00e9vrier - USMT A\u00efkido Paris","isPartOf":{"@id":"http:\/\/www.usmt-aikido.fr\/wordpress\/#website"},"datePublished":"2023-01-01T17:45:55+00:00","dateModified":"2023-01-12T10:56:28+00:00","author":{"@id":"http:\/\/www.usmt-aikido.fr\/wordpress\/#\/schema\/person\/85b6a5d3ae310209833c32266498803d"},"breadcrumb":{"@id":"https:\/\/www.usmt-aikido.fr\/wordpress\/stage-de-bo-avec-jean-marc-martin-ce-14-fevrier\/#breadcrumb"},"inLanguage":"fr-FR","potentialAction":[{"@type":"ReadAction","target":["https:\/\/www.usmt-aikido.fr\/wordpress\/stage-de-bo-avec-jean-marc-martin-ce-14-fevrier\/"]}]},{"@type":"BreadcrumbList","@id":"https:\/\/www.usmt-aikido.fr\/wordpress\/stage-de-bo-avec-jean-marc-martin-ce-14-fevrier\/#breadcrumb","itemListElement":[{"@type":"ListItem","position":1,"name":"Accueil","item":"http:\/\/www.usmt-aikido.fr\/wordpress\/"},{"@type":"ListItem","position":2,"name":"Stage de Bo avec Jean-Marc Martin ce 12 f\u00e9vrier"}]},{"@type":"WebSite","@id":"http:\/\/www.usmt-aikido.fr\/wordpress\/#website","url":"http:\/\/www.usmt-aikido.fr\/wordpress\/","name":"USMT A\u00efkido Paris 12","description":"","potentialAction":[{"@type":"SearchAction","target":{"@type":"EntryPoint","urlTemplate":"http:\/\/www.usmt-aikido.fr\/wordpress\/?s={search_term_string}"},"query-input":"required name=search_term_string"}],"inLanguage":"fr-FR"},{"@type":"Person","@id":"http:\/\/www.usmt-aikido.fr\/wordpress\/#\/schema\/person\/85b6a5d3ae310209833c32266498803d","name":"dllaiki","image":{"@type":"ImageObject","inLanguage":"fr-FR","@id":"http:\/\/www.usmt-aikido.fr\/wordpress\/#\/schema\/person\/image\/","url":"https:\/\/secure.gravatar.com\/avatar\/966b48925850cf0298ba103df64c4cf5?s=96&d=mm&r=g","contentUrl":"https:\/\/secure.gravatar.com\/avatar\/966b48925850cf0298ba103df64c4cf5?s=96&d=mm&r=g","caption":"dllaiki"}}]}},"_links":{"self":[{"href":"https:\/\/www.usmt-aikido.fr\/wordpress\/wp-json\/wp\/v2\/posts\/1139"}],"collection":[{"href":"https:\/\/www.usmt-aikido.fr\/wordpress\/wp-json\/wp\/v2\/posts"}],"about":[{"href":"https:\/\/www.usmt-aikido.fr\/wordpress\/wp-json\/wp\/v2\/types\/post"}],"author":[{"embeddable":true,"href":"https:\/\/www.usmt-aikido.fr\/wordpress\/wp-json\/wp\/v2\/users\/1"}],"replies":[{"embeddable":true,"href":"https:\/\/www.usmt-aikido.fr\/wordpress\/wp-json\/wp\/v2\/comments?post=1139"}],"version-history":[{"count":2,"href":"https:\/\/www.usmt-aikido.fr\/wordpress\/wp-json\/wp\/v2\/posts\/1139\/revisions"}],"predecessor-version":[{"id":1146,"href":"https:\/\/www.usmt-aikido.fr\/wordpress\/wp-json\/wp\/v2\/posts\/1139\/revisions\/1146"}],"wp:featuredmedia":[{"embeddable":true,"href":"https:\/\/www.usmt-aikido.fr\/wordpress\/wp-json\/wp\/v2\/media\/1140"}],"wp:attachment":[{"href":"https:\/\/www.usmt-aikido.fr\/wordpress\/wp-json\/wp\/v2\/media?parent=1139"}],"wp:term":[{"taxonomy":"category","embeddable":true,"href":"https:\/\/www.usmt-aikido.fr\/wordpress\/wp-json\/wp\/v2\/categories?post=1139"},{"taxonomy":"post_tag","embeddable":true,"href":"https:\/\/www.usmt-aikido.fr\/wordpress\/wp-json\/wp\/v2\/tags?post=1139"}],"curies":[{"name":"wp","href":"https:\/\/api.w.org\/{rel}","templated":true}]}}