{"id":744,"date":"2018-03-11T18:30:15","date_gmt":"2018-03-11T17:30:15","guid":{"rendered":"http:\/\/www.usmt-aikido.fr\/wordpress\/?p=744"},"modified":"2018-11-17T12:02:03","modified_gmt":"2018-11-17T11:02:03","slug":"troisieme-dan-pour-hugo","status":"publish","type":"post","link":"http:\/\/www.usmt-aikido.fr\/wordpress\/troisieme-dan-pour-hugo\/","title":{"rendered":"Et un troisi\u00e8me dan pour Hugo"},"content":{"rendered":"<p>F\u00e9licitations \u00e0 Hugo, qui a d\u00e9croch\u00e9 son troisi\u00e8me dan \u00e0 l&rsquo;issue du stage de Senlis, o\u00f9 le club \u00e9tait particuli\u00e8rement bien repr\u00e9sent\u00e9 (photos \u00e0 suivre !).<\/p>\n","protected":false},"excerpt":{"rendered":"<p>F\u00e9licitations \u00e0 Hugo, qui a d\u00e9croch\u00e9 son troisi\u00e8me dan \u00e0 l&rsquo;issue du stage de Senlis, o\u00f9 le club \u00e9tait particuli\u00e8rement bien repr\u00e9sent\u00e9 (photos \u00e0 suivre !).<\/p>\n","protected":false},"author":1,"featured_media":746,"comment_status":"closed","ping_status":"closed","sticky":false,"template":"","format":"standard","meta":{"footnotes":""},"categories":[1,5],"tags":[],"yoast_head":"<!-- This site is optimized with the Yoast SEO plugin v21.9.1 - https:\/\/yoast.com\/wordpress\/plugins\/seo\/ -->\n<title>Et un troisi\u00e8me dan pour Hugo - USMT A\u00efkido Paris<\/title>\n<meta name=\"robots\" content=\"index, follow, max-snippet:-1, max-image-preview:large, max-video-preview:-1\" \/>\n<link rel=\"canonical\" href=\"https:\/\/www.usmt-aikido.fr\/wordpress\/troisieme-dan-pour-hugo\/\" \/>\n<meta property=\"og:locale\" content=\"fr_FR\" \/>\n<meta property=\"og:type\" content=\"article\" \/>\n<meta property=\"og:title\" content=\"Et un troisi\u00e8me dan pour Hugo - USMT A\u00efkido Paris\" \/>\n<meta property=\"og:description\" content=\"F\u00e9licitations \u00e0 Hugo, qui a d\u00e9croch\u00e9 son troisi\u00e8me dan \u00e0 l&rsquo;issue du stage de Senlis, o\u00f9 le club \u00e9tait particuli\u00e8rement bien repr\u00e9sent\u00e9 (photos \u00e0 suivre !).\" \/>\n<meta property=\"og:url\" content=\"https:\/\/www.usmt-aikido.fr\/wordpress\/troisieme-dan-pour-hugo\/\" \/>\n<meta property=\"og:site_name\" content=\"USMT A\u00efkido Paris\" \/>\n<meta property=\"article:published_time\" content=\"2018-03-11T17:30:15+00:00\" \/>\n<meta property=\"article:modified_time\" content=\"2018-11-17T11:02:03+00:00\" \/>\n<meta property=\"og:image\" content=\"https:\/\/www.usmt-aikido.fr\/wordpress\/wp-content\/uploads\/2018\/03\/3edan.jpeg\" \/>\n\t<meta property=\"og:image:width\" content=\"1600\" \/>\n\t<meta property=\"og:image:height\" content=\"1200\" \/>\n\t<meta property=\"og:image:type\" content=\"image\/jpeg\" \/>\n<meta name=\"author\" content=\"dllaiki\" \/>\n<meta name=\"twitter:card\" content=\"summary_large_image\" \/>\n<meta name=\"twitter:label1\" content=\"\u00c9crit par\" \/>\n\t<meta name=\"twitter:data1\" content=\"dllaiki\" \/>\n<script type=\"application\/ld+json\" class=\"yoast-schema-graph\">{\"@context\":\"https:\/\/schema.org\",\"@graph\":[{\"@type\":\"WebPage\",\"@id\":\"https:\/\/www.usmt-aikido.fr\/wordpress\/troisieme-dan-pour-hugo\/\",\"url\":\"https:\/\/www.usmt-aikido.fr\/wordpress\/troisieme-dan-pour-hugo\/\",\"name\":\"Et un troisi\u00e8me dan pour Hugo - USMT A\u00efkido Paris\",\"isPartOf\":{\"@id\":\"http:\/\/www.usmt-aikido.fr\/wordpress\/#website\"},\"datePublished\":\"2018-03-11T17:30:15+00:00\",\"dateModified\":\"2018-11-17T11:02:03+00:00\",\"author\":{\"@id\":\"http:\/\/www.usmt-aikido.fr\/wordpress\/#\/schema\/person\/85b6a5d3ae310209833c32266498803d\"},\"breadcrumb\":{\"@id\":\"https:\/\/www.usmt-aikido.fr\/wordpress\/troisieme-dan-pour-hugo\/#breadcrumb\"},\"inLanguage\":\"fr-FR\",\"potentialAction\":[{\"@type\":\"ReadAction\",\"target\":[\"https:\/\/www.usmt-aikido.fr\/wordpress\/troisieme-dan-pour-hugo\/\"]}]},{\"@type\":\"BreadcrumbList\",\"@id\":\"https:\/\/www.usmt-aikido.fr\/wordpress\/troisieme-dan-pour-hugo\/#breadcrumb\",\"itemListElement\":[{\"@type\":\"ListItem\",\"position\":1,\"name\":\"Accueil\",\"item\":\"http:\/\/www.usmt-aikido.fr\/wordpress\/\"},{\"@type\":\"ListItem\",\"position\":2,\"name\":\"Et un troisi\u00e8me dan pour Hugo\"}]},{\"@type\":\"WebSite\",\"@id\":\"http:\/\/www.usmt-aikido.fr\/wordpress\/#website\",\"url\":\"http:\/\/www.usmt-aikido.fr\/wordpress\/\",\"name\":\"USMT A\u00efkido Paris 12\",\"description\":\"\",\"potentialAction\":[{\"@type\":\"SearchAction\",\"target\":{\"@type\":\"EntryPoint\",\"urlTemplate\":\"http:\/\/www.usmt-aikido.fr\/wordpress\/?s={search_term_string}\"},\"query-input\":\"required name=search_term_string\"}],\"inLanguage\":\"fr-FR\"},{\"@type\":\"Person\",\"@id\":\"http:\/\/www.usmt-aikido.fr\/wordpress\/#\/schema\/person\/85b6a5d3ae310209833c32266498803d\",\"name\":\"dllaiki\",\"image\":{\"@type\":\"ImageObject\",\"inLanguage\":\"fr-FR\",\"@id\":\"http:\/\/www.usmt-aikido.fr\/wordpress\/#\/schema\/person\/image\/\",\"url\":\"http:\/\/0.gravatar.com\/avatar\/966b48925850cf0298ba103df64c4cf5?s=96&d=mm&r=g\",\"contentUrl\":\"http:\/\/0.gravatar.com\/avatar\/966b48925850cf0298ba103df64c4cf5?s=96&d=mm&r=g\",\"caption\":\"dllaiki\"}}]}<\/script>\n<!-- \/ Yoast SEO plugin. -->","yoast_head_json":{"title":"Et un troisi\u00e8me dan pour Hugo - USMT A\u00efkido Paris","robots":{"index":"index","follow":"follow","max-snippet":"max-snippet:-1","max-image-preview":"max-image-preview:large","max-video-preview":"max-video-preview:-1"},"canonical":"https:\/\/www.usmt-aikido.fr\/wordpress\/troisieme-dan-pour-hugo\/","og_locale":"fr_FR","og_type":"article","og_title":"Et un troisi\u00e8me dan pour Hugo - USMT A\u00efkido Paris","og_description":"F\u00e9licitations \u00e0 Hugo, qui a d\u00e9croch\u00e9 son troisi\u00e8me dan \u00e0 l&rsquo;issue du stage de Senlis, o\u00f9 le club \u00e9tait particuli\u00e8rement bien repr\u00e9sent\u00e9 (photos \u00e0 suivre !).","og_url":"https:\/\/www.usmt-aikido.fr\/wordpress\/troisieme-dan-pour-hugo\/","og_site_name":"USMT A\u00efkido Paris","article_published_time":"2018-03-11T17:30:15+00:00","article_modified_time":"2018-11-17T11:02:03+00:00","og_image":[{"width":1600,"height":1200,"url":"https:\/\/www.usmt-aikido.fr\/wordpress\/wp-content\/uploads\/2018\/03\/3edan.jpeg","type":"image\/jpeg"}],"author":"dllaiki","twitter_card":"summary_large_image","twitter_misc":{"\u00c9crit par":"dllaiki"},"schema":{"@context":"https:\/\/schema.org","@graph":[{"@type":"WebPage","@id":"https:\/\/www.usmt-aikido.fr\/wordpress\/troisieme-dan-pour-hugo\/","url":"https:\/\/www.usmt-aikido.fr\/wordpress\/troisieme-dan-pour-hugo\/","name":"Et un troisi\u00e8me dan pour Hugo - USMT A\u00efkido Paris","isPartOf":{"@id":"http:\/\/www.usmt-aikido.fr\/wordpress\/#website"},"datePublished":"2018-03-11T17:30:15+00:00","dateModified":"2018-11-17T11:02:03+00:00","author":{"@id":"http:\/\/www.usmt-aikido.fr\/wordpress\/#\/schema\/person\/85b6a5d3ae310209833c32266498803d"},"breadcrumb":{"@id":"https:\/\/www.usmt-aikido.fr\/wordpress\/troisieme-dan-pour-hugo\/#breadcrumb"},"inLanguage":"fr-FR","potentialAction":[{"@type":"ReadAction","target":["https:\/\/www.usmt-aikido.fr\/wordpress\/troisieme-dan-pour-hugo\/"]}]},{"@type":"BreadcrumbList","@id":"https:\/\/www.usmt-aikido.fr\/wordpress\/troisieme-dan-pour-hugo\/#breadcrumb","itemListElement":[{"@type":"ListItem","position":1,"name":"Accueil","item":"http:\/\/www.usmt-aikido.fr\/wordpress\/"},{"@type":"ListItem","position":2,"name":"Et un troisi\u00e8me dan pour Hugo"}]},{"@type":"WebSite","@id":"http:\/\/www.usmt-aikido.fr\/wordpress\/#website","url":"http:\/\/www.usmt-aikido.fr\/wordpress\/","name":"USMT A\u00efkido Paris 12","description":"","potentialAction":[{"@type":"SearchAction","target":{"@type":"EntryPoint","urlTemplate":"http:\/\/www.usmt-aikido.fr\/wordpress\/?s={search_term_string}"},"query-input":"required name=search_term_string"}],"inLanguage":"fr-FR"},{"@type":"Person","@id":"http:\/\/www.usmt-aikido.fr\/wordpress\/#\/schema\/person\/85b6a5d3ae310209833c32266498803d","name":"dllaiki","image":{"@type":"ImageObject","inLanguage":"fr-FR","@id":"http:\/\/www.usmt-aikido.fr\/wordpress\/#\/schema\/person\/image\/","url":"http:\/\/0.gravatar.com\/avatar\/966b48925850cf0298ba103df64c4cf5?s=96&d=mm&r=g","contentUrl":"http:\/\/0.gravatar.com\/avatar\/966b48925850cf0298ba103df64c4cf5?s=96&d=mm&r=g","caption":"dllaiki"}}]}},"_links":{"self":[{"href":"http:\/\/www.usmt-aikido.fr\/wordpress\/wp-json\/wp\/v2\/posts\/744"}],"collection":[{"href":"http:\/\/www.usmt-aikido.fr\/wordpress\/wp-json\/wp\/v2\/posts"}],"about":[{"href":"http:\/\/www.usmt-aikido.fr\/wordpress\/wp-json\/wp\/v2\/types\/post"}],"author":[{"embeddable":true,"href":"http:\/\/www.usmt-aikido.fr\/wordpress\/wp-json\/wp\/v2\/users\/1"}],"replies":[{"embeddable":true,"href":"http:\/\/www.usmt-aikido.fr\/wordpress\/wp-json\/wp\/v2\/comments?post=744"}],"version-history":[{"count":3,"href":"http:\/\/www.usmt-aikido.fr\/wordpress\/wp-json\/wp\/v2\/posts\/744\/revisions"}],"predecessor-version":[{"id":748,"href":"http:\/\/www.usmt-aikido.fr\/wordpress\/wp-json\/wp\/v2\/posts\/744\/revisions\/748"}],"wp:featuredmedia":[{"embeddable":true,"href":"http:\/\/www.usmt-aikido.fr\/wordpress\/wp-json\/wp\/v2\/media\/746"}],"wp:attachment":[{"href":"http:\/\/www.usmt-aikido.fr\/wordpress\/wp-json\/wp\/v2\/media?parent=744"}],"wp:term":[{"taxonomy":"category","embeddable":true,"href":"http:\/\/www.usmt-aikido.fr\/wordpress\/wp-json\/wp\/v2\/categories?post=744"},{"taxonomy":"post_tag","embeddable":true,"href":"http:\/\/www.usmt-aikido.fr\/wordpress\/wp-json\/wp\/v2\/tags?post=744"}],"curies":[{"name":"wp","href":"https:\/\/api.w.org\/{rel}","templated":true}]}}